{"id":90123,"date":"2022-10-06T11:09:58","date_gmt":"2022-10-06T14:09:58","guid":{"rendered":"https:\/\/radiosolaris.com.br\/beta\/?p=90123"},"modified":"2022-10-06T11:10:01","modified_gmt":"2022-10-06T14:10:01","slug":"acidente-deixa-transito-lento-na-br-470-em-veranopolis","status":"publish","type":"post","link":"https:\/\/radiosolaris.com.br\/beta\/acidente-deixa-transito-lento-na-br-470-em-veranopolis\/","title":{"rendered":"Acidente deixa tr\u00e2nsito lento na BR-470, em Veran\u00f3polis"},"content":{"rendered":"\n<h4 id=\"o-condutor-do-veiculo-nao-sofreu-ferimentos\" class=\"wp-block-heading\">O condutor do ve\u00edculo n\u00e3o sofreu ferimentos<\/h4>\n\n\n\n<p>Um acidente deixou o tr\u00e2nsito lento no km 187 da BR-470, em Veran\u00f3polis, nesta quinta-feira (6). Segundo informa\u00e7\u00f5es da Pol\u00edcia Rodovi\u00e1ria Federal (PRF), o condutor de uma Chevrolet Silverado acabou perdendo o controle do ve\u00edculo e saindo da pista.<\/p>\n\n\n\n<p>O acidente aconteceu nas proximidades da Banca das Cascatas. O motorista, segundo a PRF, n\u00e3o sofreu ferimentos. O tr\u00e2nsito ficou interrompido at\u00e9 a retirada do ve\u00edculo do local.<\/p>\n\n\n\n<p><\/p>\n\n\n\n<figure class=\"wp-block-gallery has-nested-images columns-default is-cropped wp-block-gallery-1 is-layout-flex wp-block-gallery-is-layout-flex\">\n<figure class=\"wp-block-image size-full\"><a href=\"https:\/\/radiosolaris.com.br\/beta\/wp-content\/uploads\/2022\/10\/Acidente-deixa-transito-lento-na-BR-470-em-Veranopolis.jpeg\"><img  loading=\"lazy\"  decoding=\"async\"  width=\"722\"  height=\"424\"  data-id=\"90124\"  src=\"data:image\/png;base64,iVBORw0KGgoAAAANSUhEUgAAAAEAAAABAQMAAAAl21bKAAAAA1BMVEUAAP+KeNJXAAAAAXRSTlMAQObYZgAAAAlwSFlzAAAOxAAADsQBlSsOGwAAAApJREFUCNdjYAAAAAIAAeIhvDMAAAAASUVORK5CYII=\"  alt=\"\"  class=\"wp-image-90124 pk-lazyload\"  data-pk-sizes=\"auto\"  data-pk-src=\"https:\/\/radiosolaris.com.br\/beta\/wp-content\/uploads\/2022\/10\/Acidente-deixa-transito-lento-na-BR-470-em-Veranopolis.jpeg\" ><\/a><\/figure>\n<figcaption class=\"blocks-gallery-caption\">Foto: Pol\u00edcia Rodovi\u00e1ria Federal<\/figcaption><\/figure>\n","protected":false},"excerpt":{"rendered":"<p>O condutor do ve\u00edculo n\u00e3o sofreu ferimentos Um acidente deixou o tr\u00e2nsito lento no km 187 da BR-470, em Veran\u00f3polis, nesta quinta-feira (6). Segundo informa\u00e7\u00f5es da Pol\u00edcia Rodovi\u00e1ria Federal (PRF),&hellip;<\/p>\n","protected":false},"author":16,"featured_media":0,"comment_status":"closed","ping_status":"closed","sticky":false,"template":"","format":"standard","meta":{"_lmt_disableupdate":"","_lmt_disable":"","footnotes":""},"categories":[14235],"tags":[14393,307,14395,1961,2807,992,283,14394,1611],"powerkit_post_featured":[],"class_list":{"0":"post-90123","1":"post","2":"type-post","3":"status-publish","4":"format-standard","6":"category-transito","7":"tag-14393","8":"tag-acidente","9":"tag-banca-das-cascatas","10":"tag-br-470","11":"tag-policia-rodoviaria-federal","12":"tag-serra","13":"tag-serra-gaucha","14":"tag-tenda-das-cascatas","15":"tag-veranopolis"},"modified_by":"Bruna Picinini","_links":{"self":[{"href":"https:\/\/radiosolaris.com.br\/beta\/wp-json\/wp\/v2\/posts\/90123","targetHints":{"allow":["GET"]}}],"collection":[{"href":"https:\/\/radiosolaris.com.br\/beta\/wp-json\/wp\/v2\/posts"}],"about":[{"href":"https:\/\/radiosolaris.com.br\/beta\/wp-json\/wp\/v2\/types\/post"}],"author":[{"embeddable":true,"href":"https:\/\/radiosolaris.com.br\/beta\/wp-json\/wp\/v2\/users\/16"}],"replies":[{"embeddable":true,"href":"https:\/\/radiosolaris.com.br\/beta\/wp-json\/wp\/v2\/comments?post=90123"}],"version-history":[{"count":0,"href":"https:\/\/radiosolaris.com.br\/beta\/wp-json\/wp\/v2\/posts\/90123\/revisions"}],"wp:attachment":[{"href":"https:\/\/radiosolaris.com.br\/beta\/wp-json\/wp\/v2\/media?parent=90123"}],"wp:term":[{"taxonomy":"category","embeddable":true,"href":"https:\/\/radiosolaris.com.br\/beta\/wp-json\/wp\/v2\/categories?post=90123"},{"taxonomy":"post_tag","embeddable":true,"href":"https:\/\/radiosolaris.com.br\/beta\/wp-json\/wp\/v2\/tags?post=90123"},{"taxonomy":"powerkit_post_featured","embeddable":true,"href":"https:\/\/radiosolaris.com.br\/beta\/wp-json\/wp\/v2\/powerkit_post_featured?post=90123"}],"curies":[{"name":"wp","href":"https:\/\/api.w.org\/{rel}","templated":true}]}}