{"id":90077,"date":"2022-10-05T19:45:28","date_gmt":"2022-10-05T22:45:28","guid":{"rendered":"https:\/\/radiosolaris.com.br\/beta\/?p=90077"},"modified":"2022-10-05T19:47:03","modified_gmt":"2022-10-05T22:47:03","slug":"mulher-que-estava-foragida-e-presa-no-bairro-sagrada-familia-em-caxias-do-sul","status":"publish","type":"post","link":"https:\/\/radiosolaris.com.br\/beta\/mulher-que-estava-foragida-e-presa-no-bairro-sagrada-familia-em-caxias-do-sul\/","title":{"rendered":"Mulher que estava foragida \u00e9 presa no bairro Sagrada Fam\u00edlia, em Caxias do Sul"},"content":{"rendered":"\n<h4 id=\"ele-possuia-um-mandado-de-prisao-expedido-pela-comarca-de-ijui-rs\" class=\"wp-block-heading\">Ele possu\u00eda um mandado de pris\u00e3o expedido pela Comarca de Iju\u00ed (RS)<\/h4>\n\n\n\n<p>Uma mulher de 26 anos foi presa pela Pol\u00edcia Civil nesta quarta-feira (5) no bairro Sagrada Fam\u00edlia, em Caxias do Sul. A mulher era foragida da Comarca de Iju\u00ed, por tr\u00e1fico de drogas.<\/p>\n\n\n\n<p>Durante as dilig\u00eancias, os agentes da Delegacia de Repress\u00e3o Ao Crime Organizado (Draco) conseguiram descobrir onde a foragida estava escondida e efetuaram a sua captura.<\/p>\n\n\n\n<p>Ap\u00f3s os procedimentos legais, a presa foi encaminhada ao sistema prisional e ficar\u00e1 a disposi\u00e7\u00e3o da justi\u00e7a.<\/p>\n\n\n\n<p><\/p>\n","protected":false},"excerpt":{"rendered":"<p>Ele possu\u00eda um mandado de pris\u00e3o expedido pela Comarca de Iju\u00ed (RS) Uma mulher de 26 anos foi presa pela Pol\u00edcia Civil nesta quarta-feira (5) no bairro Sagrada Fam\u00edlia, em&hellip;<\/p>\n","protected":false},"author":17,"featured_media":84832,"comment_status":"closed","ping_status":"closed","sticky":false,"template":"","format":"standard","meta":{"_lmt_disableupdate":"","_lmt_disable":"","footnotes":""},"categories":[14234,83],"tags":[12462,148,158,14384,14349,113,303,283],"powerkit_post_featured":[],"class_list":{"0":"post-90077","1":"post","2":"type-post","3":"status-publish","4":"format-standard","5":"has-post-thumbnail","7":"category-seguranca","8":"category-serra-gaucha","9":"tag-bairro-sagrada-familia","10":"tag-caxias-do-sul","11":"tag-crime","12":"tag-ijui","13":"tag-plantao-policial","14":"tag-policia","15":"tag-prisao","16":"tag-serra-gaucha"},"modified_by":"Igor Panzenhagen","_links":{"self":[{"href":"https:\/\/radiosolaris.com.br\/beta\/wp-json\/wp\/v2\/posts\/90077","targetHints":{"allow":["GET"]}}],"collection":[{"href":"https:\/\/radiosolaris.com.br\/beta\/wp-json\/wp\/v2\/posts"}],"about":[{"href":"https:\/\/radiosolaris.com.br\/beta\/wp-json\/wp\/v2\/types\/post"}],"author":[{"embeddable":true,"href":"https:\/\/radiosolaris.com.br\/beta\/wp-json\/wp\/v2\/users\/17"}],"replies":[{"embeddable":true,"href":"https:\/\/radiosolaris.com.br\/beta\/wp-json\/wp\/v2\/comments?post=90077"}],"version-history":[{"count":0,"href":"https:\/\/radiosolaris.com.br\/beta\/wp-json\/wp\/v2\/posts\/90077\/revisions"}],"wp:featuredmedia":[{"embeddable":true,"href":"https:\/\/radiosolaris.com.br\/beta\/wp-json\/wp\/v2\/media\/84832"}],"wp:attachment":[{"href":"https:\/\/radiosolaris.com.br\/beta\/wp-json\/wp\/v2\/media?parent=90077"}],"wp:term":[{"taxonomy":"category","embeddable":true,"href":"https:\/\/radiosolaris.com.br\/beta\/wp-json\/wp\/v2\/categories?post=90077"},{"taxonomy":"post_tag","embeddable":true,"href":"https:\/\/radiosolaris.com.br\/beta\/wp-json\/wp\/v2\/tags?post=90077"},{"taxonomy":"powerkit_post_featured","embeddable":true,"href":"https:\/\/radiosolaris.com.br\/beta\/wp-json\/wp\/v2\/powerkit_post_featured?post=90077"}],"curies":[{"name":"wp","href":"https:\/\/api.w.org\/{rel}","templated":true}]}}