{"id":90074,"date":"2022-10-05T19:27:33","date_gmt":"2022-10-05T22:27:33","guid":{"rendered":"https:\/\/radiosolaris.com.br\/beta\/?p=90074"},"modified":"2022-10-05T22:35:32","modified_gmt":"2022-10-06T01:35:32","slug":"distrito-de-ana-rech-em-caxias-recebe-novo-conjunto-de-semaforos","status":"publish","type":"post","link":"https:\/\/radiosolaris.com.br\/beta\/distrito-de-ana-rech-em-caxias-recebe-novo-conjunto-de-semaforos\/","title":{"rendered":"Regi\u00e3o de Ana Rech, em Caxias, recebe novo conjunto de sem\u00e1foros"},"content":{"rendered":"\n<h4 id=\"os-equipamentos-estao-localizados-no-cruzamento-da-avenida-rio-branco-com-as-ruas-joao-andriolo-e-joao-albe\" class=\"wp-block-heading\">Os equipamentos est\u00e3o localizados no cruzamento da Avenida Rio Branco com as ruas Jo\u00e3o Andriolo e Jo\u00e3o Alb\u00e9<\/h4>\n\n\n\n<p>Foram instalados novos sem\u00e1foros na \u00e1rea central de Ana Rech, em Caxias do Sul. Os equipamentos est\u00e3o localizados no cruzamento da Avenida Rio Branco com as ruas Jo\u00e3o Andriolo e Jo\u00e3o Alb\u00e9. Na manh\u00e3 desta quarta-feira (4), servidores da Secretaria de Tr\u00e2nsito, Transportes e Mobilidade de Caxias do Sul (SMTTM) finalizavam a sinaliza\u00e7\u00e3o horizontal no local. A previs\u00e3o \u00e9 que os sem\u00e1foros comecem a operar na sexta-feira (7).<\/p>\n\n\n\n<p>Outra altera\u00e7\u00e3o na regi\u00e3o \u00e9 a troca do sentido de circula\u00e7\u00e3o da Rua Jo\u00e3o Alb\u00e9, que passa a ser de m\u00e3o \u00fanica no sentido da Avenida Rio Branco at\u00e9 a Avenida Orestes Alb\u00e9. A Rua Jo\u00e3o Andriolo permanece com m\u00e3o dupla por se tratar de via com grande movimento de ve\u00edculos.<\/p>\n\n\n\n<p>A SMTTM tamb\u00e9m promove no local a instala\u00e7\u00e3o de nova sinaliza\u00e7\u00e3o horizontal, contendo faixa de pedestres e pintura do meio-fio. Al\u00e9m de equipamentos veiculares, houve a instala\u00e7\u00e3o de sem\u00e1foros para pedestres.<\/p>\n\n\n\n<figure class=\"wp-block-gallery has-nested-images columns-default is-cropped wp-block-gallery-1 is-layout-flex wp-block-gallery-is-layout-flex\">\n<figure class=\"wp-block-image size-large\"><a href=\"https:\/\/radiosolaris.com.br\/beta\/wp-content\/uploads\/2022\/10\/Ana-Rech-01-scaled.jpg\"><img  decoding=\"async\"  data-id=\"90075\"  src=\"data:image\/png;base64,iVBORw0KGgoAAAANSUhEUgAAAAEAAAABAQMAAAAl21bKAAAAA1BMVEUAAP+KeNJXAAAAAXRSTlMAQObYZgAAAAlwSFlzAAAOxAAADsQBlSsOGwAAAApJREFUCNdjYAAAAAIAAeIhvDMAAAAASUVORK5CYII=\"  alt=\"\"  class=\"wp-image-90075 pk-lazyload\"  data-pk-sizes=\"auto\"  data-pk-src=\"https:\/\/radiosolaris.com.br\/beta\/wp-content\/uploads\/2022\/10\/Ana-Rech-01-1160x773.jpg\" ><\/a><\/figure>\n<figcaption class=\"blocks-gallery-caption\">Foto: Rodrigo Rissi\/Assessoria Prefeitura de Caxias do Sul<\/figcaption><\/figure>\n\n\n\n<p><\/p>\n","protected":false},"excerpt":{"rendered":"<p>Os equipamentos est\u00e3o localizados no cruzamento da Avenida Rio Branco com as ruas Jo\u00e3o Andriolo e Jo\u00e3o Alb\u00e9 Foram instalados novos sem\u00e1foros na \u00e1rea central de Ana Rech, em Caxias&hellip;<\/p>\n","protected":false},"author":17,"featured_media":90075,"comment_status":"closed","ping_status":"closed","sticky":false,"template":"","format":"standard","meta":{"_lmt_disableupdate":"","_lmt_disable":"","footnotes":""},"categories":[87,83,14235],"tags":[14382,5578,744,14381,14383],"powerkit_post_featured":[],"class_list":{"0":"post-90074","1":"post","2":"type-post","3":"status-publish","4":"format-standard","5":"has-post-thumbnail","7":"category-avisos","8":"category-serra-gaucha","9":"category-transito","10":"tag-bairro-ana-rech","11":"tag-prefeitura-de-caxias-do-sul","12":"tag-secretaria-de-obras","13":"tag-semaforos-em-ana-rech","14":"tag-transito-em-ana-rech"},"modified_by":"Igor Panzenhagen","_links":{"self":[{"href":"https:\/\/radiosolaris.com.br\/beta\/wp-json\/wp\/v2\/posts\/90074","targetHints":{"allow":["GET"]}}],"collection":[{"href":"https:\/\/radiosolaris.com.br\/beta\/wp-json\/wp\/v2\/posts"}],"about":[{"href":"https:\/\/radiosolaris.com.br\/beta\/wp-json\/wp\/v2\/types\/post"}],"author":[{"embeddable":true,"href":"https:\/\/radiosolaris.com.br\/beta\/wp-json\/wp\/v2\/users\/17"}],"replies":[{"embeddable":true,"href":"https:\/\/radiosolaris.com.br\/beta\/wp-json\/wp\/v2\/comments?post=90074"}],"version-history":[{"count":0,"href":"https:\/\/radiosolaris.com.br\/beta\/wp-json\/wp\/v2\/posts\/90074\/revisions"}],"wp:featuredmedia":[{"embeddable":true,"href":"https:\/\/radiosolaris.com.br\/beta\/wp-json\/wp\/v2\/media\/90075"}],"wp:attachment":[{"href":"https:\/\/radiosolaris.com.br\/beta\/wp-json\/wp\/v2\/media?parent=90074"}],"wp:term":[{"taxonomy":"category","embeddable":true,"href":"https:\/\/radiosolaris.com.br\/beta\/wp-json\/wp\/v2\/categories?post=90074"},{"taxonomy":"post_tag","embeddable":true,"href":"https:\/\/radiosolaris.com.br\/beta\/wp-json\/wp\/v2\/tags?post=90074"},{"taxonomy":"powerkit_post_featured","embeddable":true,"href":"https:\/\/radiosolaris.com.br\/beta\/wp-json\/wp\/v2\/powerkit_post_featured?post=90074"}],"curies":[{"name":"wp","href":"https:\/\/api.w.org\/{rel}","templated":true}]}}