{"id":90043,"date":"2022-10-05T14:28:23","date_gmt":"2022-10-05T17:28:23","guid":{"rendered":"https:\/\/radiosolaris.com.br\/beta\/?p=90043"},"modified":"2022-10-05T14:34:32","modified_gmt":"2022-10-05T17:34:32","slug":"policia-civil-prende-individuo-pela-pratica-de-homicidio-em-antonio-prado","status":"publish","type":"post","link":"https:\/\/radiosolaris.com.br\/beta\/policia-civil-prende-individuo-pela-pratica-de-homicidio-em-antonio-prado\/","title":{"rendered":"Pol\u00edcia Civil prende indiv\u00edduo pela pr\u00e1tica de homic\u00eddio em Ant\u00f4nio Prado"},"content":{"rendered":"\n<h4 id=\"acao-aconteceu-na-manha-desta-quarta-feira05\" class=\"wp-block-heading\">A\u00e7\u00e3o aconteceu na manh\u00e3 desta quarta-feira(05)<\/h4>\n\n\n\n<p>A Pol\u00edcia Civil, por meio da Delegacia de Pol\u00edcia de Ant\u00f4nio Prado, cumpriu um mandado de pris\u00e3o preventiva, na manh\u00e3 desta quarta-feira(05).<\/p>\n\n\n\n<p>Ap\u00f3s investiga\u00e7\u00f5es da equipe policial, em cumprimento do mandado de pris\u00e3o preventiva, prendeu indiv\u00edduo de 71 anos, pela pr\u00e1tica de homic\u00eddio qualificado, ocorrido, h\u00e1 algumas semanas, no munic\u00edpio.<\/p>\n\n\n\n<p>O preso foi encaminhado ao sistema prisional.<\/p>\n","protected":false},"excerpt":{"rendered":"<p>A\u00e7\u00e3o aconteceu na manh\u00e3 desta quarta-feira(05) A Pol\u00edcia Civil, por meio da Delegacia de Pol\u00edcia de Ant\u00f4nio Prado, cumpriu um mandado de pris\u00e3o preventiva, na manh\u00e3 desta quarta-feira(05). Ap\u00f3s investiga\u00e7\u00f5es&hellip;<\/p>\n","protected":false},"author":20,"featured_media":90040,"comment_status":"closed","ping_status":"closed","sticky":false,"template":"","format":"standard","meta":{"_lmt_disableupdate":"","_lmt_disable":"","footnotes":""},"categories":[14234],"tags":[143,629,303],"powerkit_post_featured":[],"class_list":{"0":"post-90043","1":"post","2":"type-post","3":"status-publish","4":"format-standard","5":"has-post-thumbnail","7":"category-seguranca","8":"tag-antonio-prado","9":"tag-policia-civil","10":"tag-prisao"},"modified_by":"Gustavo Zanotto","_links":{"self":[{"href":"https:\/\/radiosolaris.com.br\/beta\/wp-json\/wp\/v2\/posts\/90043","targetHints":{"allow":["GET"]}}],"collection":[{"href":"https:\/\/radiosolaris.com.br\/beta\/wp-json\/wp\/v2\/posts"}],"about":[{"href":"https:\/\/radiosolaris.com.br\/beta\/wp-json\/wp\/v2\/types\/post"}],"author":[{"embeddable":true,"href":"https:\/\/radiosolaris.com.br\/beta\/wp-json\/wp\/v2\/users\/20"}],"replies":[{"embeddable":true,"href":"https:\/\/radiosolaris.com.br\/beta\/wp-json\/wp\/v2\/comments?post=90043"}],"version-history":[{"count":0,"href":"https:\/\/radiosolaris.com.br\/beta\/wp-json\/wp\/v2\/posts\/90043\/revisions"}],"wp:featuredmedia":[{"embeddable":true,"href":"https:\/\/radiosolaris.com.br\/beta\/wp-json\/wp\/v2\/media\/90040"}],"wp:attachment":[{"href":"https:\/\/radiosolaris.com.br\/beta\/wp-json\/wp\/v2\/media?parent=90043"}],"wp:term":[{"taxonomy":"category","embeddable":true,"href":"https:\/\/radiosolaris.com.br\/beta\/wp-json\/wp\/v2\/categories?post=90043"},{"taxonomy":"post_tag","embeddable":true,"href":"https:\/\/radiosolaris.com.br\/beta\/wp-json\/wp\/v2\/tags?post=90043"},{"taxonomy":"powerkit_post_featured","embeddable":true,"href":"https:\/\/radiosolaris.com.br\/beta\/wp-json\/wp\/v2\/powerkit_post_featured?post=90043"}],"curies":[{"name":"wp","href":"https:\/\/api.w.org\/{rel}","templated":true}]}}