{"id":90039,"date":"2022-10-05T14:23:40","date_gmt":"2022-10-05T17:23:40","guid":{"rendered":"https:\/\/radiosolaris.com.br\/beta\/?p=90039"},"modified":"2022-10-05T14:24:13","modified_gmt":"2022-10-05T17:24:13","slug":"policia-civil-de-antonio-prado-prende-individuo-foragido-no-municipio","status":"publish","type":"post","link":"https:\/\/radiosolaris.com.br\/beta\/policia-civil-de-antonio-prado-prende-individuo-foragido-no-municipio\/","title":{"rendered":"Pol\u00edcia Civil de Ant\u00f4nio Prado prende indiv\u00edduo foragido no munic\u00edpio"},"content":{"rendered":"\n<h4 id=\"o-preso-se-encontrava-foragido-do-sistema-prisional-de-21-desde-de-agosto-de-2020\" class=\"wp-block-heading\">O preso se encontrava foragido do sistema prisional de 21 desde de agosto de 2020<\/h4>\n\n\n\n<p>A Pol\u00edcia Civil, por meio da Delegacia de Pol\u00edcia de Ant\u00f4nio Prado, no in\u00edcio da manh\u00e3 desta quarta-feira(05) em cumprimento a mandado de pris\u00e3o (recaptura), prendeu indiv\u00edduo de 71 anos.<\/p>\n\n\n\n<p>O preso se encontrava na condi\u00e7\u00e3o de foragido do sistema prisional desde 21 de agosto de 2020 e possui extensa ficha de antecedentes criminais por furto qualificado, furto simples, desobedi\u00eancia, les\u00e3o corporal (cinco procedimentos), amea\u00e7a (nove procedimentos), perturba\u00e7\u00e3o da tranquilidade (dois procedimentos)<\/p>\n\n\n\n<p>O mesmo foi encaminhado ao sistema prisional.<\/p>\n","protected":false},"excerpt":{"rendered":"<p>O preso se encontrava foragido do sistema prisional de 21 desde de agosto de 2020 A Pol\u00edcia Civil, por meio da Delegacia de Pol\u00edcia de Ant\u00f4nio Prado, no in\u00edcio da&hellip;<\/p>\n","protected":false},"author":20,"featured_media":90040,"comment_status":"closed","ping_status":"closed","sticky":false,"template":"","format":"standard","meta":{"_lmt_disableupdate":"","_lmt_disable":"","footnotes":""},"categories":[14234],"tags":[143,113,303],"powerkit_post_featured":[],"class_list":{"0":"post-90039","1":"post","2":"type-post","3":"status-publish","4":"format-standard","5":"has-post-thumbnail","7":"category-seguranca","8":"tag-antonio-prado","9":"tag-policia","10":"tag-prisao"},"modified_by":"Gustavo Zanotto","_links":{"self":[{"href":"https:\/\/radiosolaris.com.br\/beta\/wp-json\/wp\/v2\/posts\/90039","targetHints":{"allow":["GET"]}}],"collection":[{"href":"https:\/\/radiosolaris.com.br\/beta\/wp-json\/wp\/v2\/posts"}],"about":[{"href":"https:\/\/radiosolaris.com.br\/beta\/wp-json\/wp\/v2\/types\/post"}],"author":[{"embeddable":true,"href":"https:\/\/radiosolaris.com.br\/beta\/wp-json\/wp\/v2\/users\/20"}],"replies":[{"embeddable":true,"href":"https:\/\/radiosolaris.com.br\/beta\/wp-json\/wp\/v2\/comments?post=90039"}],"version-history":[{"count":0,"href":"https:\/\/radiosolaris.com.br\/beta\/wp-json\/wp\/v2\/posts\/90039\/revisions"}],"wp:featuredmedia":[{"embeddable":true,"href":"https:\/\/radiosolaris.com.br\/beta\/wp-json\/wp\/v2\/media\/90040"}],"wp:attachment":[{"href":"https:\/\/radiosolaris.com.br\/beta\/wp-json\/wp\/v2\/media?parent=90039"}],"wp:term":[{"taxonomy":"category","embeddable":true,"href":"https:\/\/radiosolaris.com.br\/beta\/wp-json\/wp\/v2\/categories?post=90039"},{"taxonomy":"post_tag","embeddable":true,"href":"https:\/\/radiosolaris.com.br\/beta\/wp-json\/wp\/v2\/tags?post=90039"},{"taxonomy":"powerkit_post_featured","embeddable":true,"href":"https:\/\/radiosolaris.com.br\/beta\/wp-json\/wp\/v2\/powerkit_post_featured?post=90039"}],"curies":[{"name":"wp","href":"https:\/\/api.w.org\/{rel}","templated":true}]}}