{"id":90026,"date":"2022-10-05T09:16:09","date_gmt":"2022-10-05T12:16:09","guid":{"rendered":"https:\/\/radiosolaris.com.br\/beta\/?p=90026"},"modified":"2022-10-05T09:16:14","modified_gmt":"2022-10-05T12:16:14","slug":"acbf-e-vacaria-futsal-se-enfrentam-na-ultima-rodada-da-primeira-fase-do-gauchao","status":"publish","type":"post","link":"https:\/\/radiosolaris.com.br\/beta\/acbf-e-vacaria-futsal-se-enfrentam-na-ultima-rodada-da-primeira-fase-do-gauchao\/","title":{"rendered":"ACBF e Vacaria Futsal se enfrentam na \u00faltima rodada da primeira fase do Gauch\u00e3o"},"content":{"rendered":"\n<h4 id=\"jogo-acontece-no-ginasio-do-parque-esportivo-da-tramontina-em-carlos-barbosa\" class=\"wp-block-heading\">Jogo acontece <strong>no gin\u00e1sio do Parque Esportivo da Tramontina, em Carlos Barbosa<\/strong><\/h4>\n\n\n\n<p>Na noite desta quarta-feira(05), \u00e0s 19h, a ACBF far\u00e1 a \u00faltima partida da fase de grupos do Gauch\u00e3o 2022. A equipe laranja&nbsp;recebe&nbsp;a AVF, no&nbsp;gin\u00e1sio do Parque Esportivo da Tramontina.<\/p>\n\n\n\n<p>A equipe&nbsp;lidera a competi\u00e7\u00e3o&nbsp;de forma geral,&nbsp;com 38 pontos e a melhor campanha at\u00e9 o momento. ACBF e Vacaria j\u00e1 se enfrentaram na temporada, em Vacaria\/RS, e a laranja derrotou o advers\u00e1rio por 3 a 0.<\/p>\n\n\n\n<p>O t\u00e9cnico Edgar Baldasso leva em quadra o&nbsp;time completo,&nbsp;exceto os alas Mithyu\u00ea, em fase final de recupera\u00e7\u00e3o da les\u00e3o na panturrilha esquerda,&nbsp;e Richard, que sofreu uma les\u00e3o no treino de ter\u00e7a-feira(04) e passar\u00e1 por exames de imagem para apontar a gravidade e tempo de recupera\u00e7\u00e3o. Al\u00e9m deles, o&nbsp;goleiro Pedro Bianchini, a servi\u00e7o da Sele\u00e7\u00e3o Brasileira, est\u00e1 em Brusque. Para a partida,&nbsp;L\u00e9o Gil ser\u00e1 relacionado como op\u00e7\u00e3o na ala esquerda.<\/p>\n\n\n\n<p>Haver\u00e1&nbsp;venda de ingressos no local&nbsp;da partida e as entradas&nbsp;custar\u00e3o R$10,00.&nbsp;Para acompanhar em casa basta acessar o youtube ou facebook da&nbsp;TV ACBF.<\/p>\n\n\n\n<p>Em caso de vit\u00f3ria, a ACBF chega aos 41 pontos e mant\u00e9m-se&nbsp;l\u00edder do grupo B. Por\u00e9m, na classifica\u00e7\u00e3o geral, o Atl\u00e2ntico pode assumir a primeira coloca\u00e7\u00e3o caso ven\u00e7a os seus dois \u00faltimos compromissos, contra a AGE, na quinta-feira(06) e contra o vice-l\u00edder do grupo A, Guarany, no s\u00e1bado (08), ambos fora de casa.<\/p>\n\n\n\n<p>A&nbsp;lideran\u00e7a geral \u00e9 um dos principais objetivos almejados pela equipe laranja, j\u00e1 que o primeiro colocado tem a vantagem de decidir em casa todos os confrontos dos playoffs.<\/p>\n\n\n\n<p>Foto: Lucka Cyr\u00edaco ACBF<\/p>\n","protected":false},"excerpt":{"rendered":"<p>Jogo acontece no gin\u00e1sio do Parque Esportivo da Tramontina, em Carlos Barbosa Na noite desta quarta-feira(05), \u00e0s 19h, a ACBF far\u00e1 a \u00faltima partida da fase de grupos do Gauch\u00e3o&hellip;<\/p>\n","protected":false},"author":20,"featured_media":90027,"comment_status":"closed","ping_status":"closed","sticky":false,"template":"","format":"standard","meta":{"_lmt_disableupdate":"","_lmt_disable":"","footnotes":""},"categories":[92,83],"tags":[494,803,3691,283,628],"powerkit_post_featured":[],"class_list":{"0":"post-90026","1":"post","2":"type-post","3":"status-publish","4":"format-standard","5":"has-post-thumbnail","7":"category-esporte","8":"category-serra-gaucha","9":"tag-acbf","10":"tag-futsal","11":"tag-gauchao","12":"tag-serra-gaucha","13":"tag-vacaria"},"modified_by":"Gustavo Zanotto","_links":{"self":[{"href":"https:\/\/radiosolaris.com.br\/beta\/wp-json\/wp\/v2\/posts\/90026","targetHints":{"allow":["GET"]}}],"collection":[{"href":"https:\/\/radiosolaris.com.br\/beta\/wp-json\/wp\/v2\/posts"}],"about":[{"href":"https:\/\/radiosolaris.com.br\/beta\/wp-json\/wp\/v2\/types\/post"}],"author":[{"embeddable":true,"href":"https:\/\/radiosolaris.com.br\/beta\/wp-json\/wp\/v2\/users\/20"}],"replies":[{"embeddable":true,"href":"https:\/\/radiosolaris.com.br\/beta\/wp-json\/wp\/v2\/comments?post=90026"}],"version-history":[{"count":0,"href":"https:\/\/radiosolaris.com.br\/beta\/wp-json\/wp\/v2\/posts\/90026\/revisions"}],"wp:featuredmedia":[{"embeddable":true,"href":"https:\/\/radiosolaris.com.br\/beta\/wp-json\/wp\/v2\/media\/90027"}],"wp:attachment":[{"href":"https:\/\/radiosolaris.com.br\/beta\/wp-json\/wp\/v2\/media?parent=90026"}],"wp:term":[{"taxonomy":"category","embeddable":true,"href":"https:\/\/radiosolaris.com.br\/beta\/wp-json\/wp\/v2\/categories?post=90026"},{"taxonomy":"post_tag","embeddable":true,"href":"https:\/\/radiosolaris.com.br\/beta\/wp-json\/wp\/v2\/tags?post=90026"},{"taxonomy":"powerkit_post_featured","embeddable":true,"href":"https:\/\/radiosolaris.com.br\/beta\/wp-json\/wp\/v2\/powerkit_post_featured?post=90026"}],"curies":[{"name":"wp","href":"https:\/\/api.w.org\/{rel}","templated":true}]}}