{"id":90018,"date":"2022-10-05T08:22:48","date_gmt":"2022-10-05T11:22:48","guid":{"rendered":"https:\/\/radiosolaris.com.br\/beta\/?p=90018"},"modified":"2022-10-05T08:22:50","modified_gmt":"2022-10-05T11:22:50","slug":"projeto-capacitar-para-liderar-e-lancado-para-escolas-publicas-de-caxias","status":"publish","type":"post","link":"https:\/\/radiosolaris.com.br\/beta\/projeto-capacitar-para-liderar-e-lancado-para-escolas-publicas-de-caxias\/","title":{"rendered":"Projeto Capacitar para Liderar \u00e9 lan\u00e7ado para escolas p\u00fablicas de Caxias"},"content":{"rendered":"\n<h4 id=\"incentivar-a-formacao-e-participacao-dos-alunos-de-escolas-municipais-e-estaduais-nos-gremios-estudantis-e-o-objetivo-deste-programa\" class=\"wp-block-heading\">Incentivar a forma\u00e7\u00e3o e participa\u00e7\u00e3o dos alunos de escolas municipais e estaduais nos gr\u00eamios estudantis \u00e9 o objetivo deste programa<\/h4>\n\n\n\n<p>O projeto Capacitar para Liderar foi lan\u00e7ado nesta ter\u00e7a-feira (04) em Caxias do Sul. O evento ocorreu no audit\u00f3rio da prefeitura, com a presen\u00e7a de estudantes de escolas municipais e estaduais.<\/p>\n\n\n\n<p>O projeto que foi constitu\u00eddo atrav\u00e9s das Comiss\u00f5es Internas de Preven\u00e7\u00e3o de Acidentes e Viol\u00eancia Escolar (Cipaves) tem como objetivo trazer para o debate todos os envolvidos no processo educativo dos alunos das escolas municipais e estaduais, para articula\u00e7\u00e3o dos pr\u00f3prios estudantes atuarem nas quest\u00f5es que preocupam a comunidade escolar, como a viol\u00eancia, a drogadi\u00e7\u00e3o e o bullying. Desta forma, a Coordenadoria da Juventude, em parceria com o Programa Municipal de Pacifica\u00e7\u00e3o Restaurativa (Caxias da Paz) e a Coordenadoria da Mulher, juntamente com a Secretaria Municipal de Educa\u00e7\u00e3o (Smed) e 4\u00aa Coordenadoria Regional de Educa\u00e7\u00e3o de Caxias do Sul (4\u00baCRE), prop\u00f5em o projeto Capacitar para Liderar.<\/p>\n\n\n\n<p>Com o prop\u00f3sito e contribuir para o desenvolvimento de uma sociedade mais justa, igualit\u00e1ria e respeitosa o projeto ir\u00e1 trabalhar a intelig\u00eancia emocional de lideran\u00e7as dos gr\u00eamios estudantis e dos alunos integrantes das Cipaves de sua respectiva escola com o objetivo de resgatar o a import\u00e2ncia do movimento estudantil, com \u00eanfase no protagonismo e lideran\u00e7as juvenis. seu papel como lideran\u00e7a estudantil e o eixo a ser trabalhado hoje busca realizar o resgate hist\u00f3rico, do movimento estudantil, com lideran\u00e7as que se destacam na sociedade. Bem como fomentar o envolvimento do jovem estudante em atividades que v\u00e3o al\u00e9m do seu universo pessoal e familiar gerando efeitos na vida em sociedade e desenvolvendo a\u00e7\u00f5es que trabalhem o protagonismo juvenil, por meio do resgate da identidade e da atua\u00e7\u00e3o de lideran\u00e7as juvenis.<\/p>\n\n\n\n<p>Foto: Divulga\u00e7\u00e3o<\/p>\n","protected":false},"excerpt":{"rendered":"<p>Incentivar a forma\u00e7\u00e3o e participa\u00e7\u00e3o dos alunos de escolas municipais e estaduais nos gr\u00eamios estudantis \u00e9 o objetivo deste programa O projeto Capacitar para Liderar foi lan\u00e7ado nesta ter\u00e7a-feira (04)&hellip;<\/p>\n","protected":false},"author":17,"featured_media":90019,"comment_status":"closed","ping_status":"closed","sticky":false,"template":"","format":"standard","meta":{"_lmt_disableupdate":"","_lmt_disable":"","footnotes":""},"categories":[14268,83],"tags":[14355,148,182,5081,326,283],"powerkit_post_featured":[],"class_list":{"0":"post-90018","1":"post","2":"type-post","3":"status-publish","4":"format-standard","5":"has-post-thumbnail","7":"category-evento","8":"category-serra-gaucha","9":"tag-capacitar-para-liderar","10":"tag-caxias-do-sul","11":"tag-educacao","12":"tag-escolas-publicas","13":"tag-projeto","14":"tag-serra-gaucha"},"modified_by":"Igor Panzenhagen","_links":{"self":[{"href":"https:\/\/radiosolaris.com.br\/beta\/wp-json\/wp\/v2\/posts\/90018","targetHints":{"allow":["GET"]}}],"collection":[{"href":"https:\/\/radiosolaris.com.br\/beta\/wp-json\/wp\/v2\/posts"}],"about":[{"href":"https:\/\/radiosolaris.com.br\/beta\/wp-json\/wp\/v2\/types\/post"}],"author":[{"embeddable":true,"href":"https:\/\/radiosolaris.com.br\/beta\/wp-json\/wp\/v2\/users\/17"}],"replies":[{"embeddable":true,"href":"https:\/\/radiosolaris.com.br\/beta\/wp-json\/wp\/v2\/comments?post=90018"}],"version-history":[{"count":0,"href":"https:\/\/radiosolaris.com.br\/beta\/wp-json\/wp\/v2\/posts\/90018\/revisions"}],"wp:featuredmedia":[{"embeddable":true,"href":"https:\/\/radiosolaris.com.br\/beta\/wp-json\/wp\/v2\/media\/90019"}],"wp:attachment":[{"href":"https:\/\/radiosolaris.com.br\/beta\/wp-json\/wp\/v2\/media?parent=90018"}],"wp:term":[{"taxonomy":"category","embeddable":true,"href":"https:\/\/radiosolaris.com.br\/beta\/wp-json\/wp\/v2\/categories?post=90018"},{"taxonomy":"post_tag","embeddable":true,"href":"https:\/\/radiosolaris.com.br\/beta\/wp-json\/wp\/v2\/tags?post=90018"},{"taxonomy":"powerkit_post_featured","embeddable":true,"href":"https:\/\/radiosolaris.com.br\/beta\/wp-json\/wp\/v2\/powerkit_post_featured?post=90018"}],"curies":[{"name":"wp","href":"https:\/\/api.w.org\/{rel}","templated":true}]}}