{"id":89915,"date":"2022-10-04T10:41:03","date_gmt":"2022-10-04T13:41:03","guid":{"rendered":"https:\/\/radiosolaris.com.br\/beta\/?p=89915"},"modified":"2022-10-04T10:41:08","modified_gmt":"2022-10-04T13:41:08","slug":"flores-da-cunha-promove-segunda-edicao-do-dia-do-agro","status":"publish","type":"post","link":"https:\/\/radiosolaris.com.br\/beta\/flores-da-cunha-promove-segunda-edicao-do-dia-do-agro\/","title":{"rendered":"Flores da Cunha promove segunda edi\u00e7\u00e3o do \u2018Dia do Agro\u2019"},"content":{"rendered":"\n<h4 id=\"a-atividade-tem-como-objetivo-proporcionar-a-troca-de-experiencias-entre-os-participantes\" class=\"wp-block-heading\">A atividade tem como objetivo proporcionar a troca de experi\u00eancias entre os participantes<\/h4>\n\n\n\n<p>A segunda edi\u00e7\u00e3o do \u2018Dia do Agro\u2019 em Flores da Cunha ocorre no dia 26 de outubro, em Nova Bras\u00edlia. A propriedade escolhida para a edi\u00e7\u00e3o do evento deste ano ser\u00e1 a de Enio Stocco (<a href=\"https:\/\/www.google.com\/maps\/dir\/\/-29.072013,-51.232698\/@-29.0720505,-51.2327342,18.5z\/data=!4m2!4m1!3e0\" data-type=\"URL\" data-id=\"https:\/\/www.google.com\/maps\/dir\/\/-29.072013,-51.232698\/@-29.0720505,-51.2327342,18.5z\/data=!4m2!4m1!3e0\" target=\"_blank\" rel=\"noreferrer noopener\">confira a localiza\u00e7\u00e3o<\/a>). A inscri\u00e7\u00e3o \u00e9 gratuita e pode ser feita na Secretaria de Agricultura at\u00e9 o dia 21 de outubro.<\/p>\n\n\n\n<p>Segundo a Prefeitura, a atividade tem o objetivo de proporcionar a troca de experi\u00eancias entre os participantes sobre as culturas do p\u00eassego, hortali\u00e7as, cebola e videira. A programa\u00e7\u00e3o contar\u00e1 com palestras, troca de ideias, demonstra\u00e7\u00f5es de cultivo e confraterniza\u00e7\u00e3o.<\/p>\n\n\n\n<p>O \u2018Dia do Agro\u2019 \u00e9 da Secretaria de Agricultura, com apoio da Emater, Embrapa, Sindicato dos Trabalhadores Agricultores Familiares de Flores da Cunha e Nova P\u00e1dua, Senar e Sebrae. A a\u00e7\u00e3o tem patroc\u00ednio de Agrimar, Agrocaxias, Agropro, Banco do Brasil, Banrisul, Climamonte, Cooperativa Santa Clara, Cresol, Danifer, DG Aggro, Elysios, Floren\u00e7a, Fontana M\u00e1quinas, Franzoni, Lauro Weber, Sabi\u00e1 Coberturas Agr\u00edcolas, Samo Fertilizantes, Segredos do Solo, Serra e Campo, Sicoob, Sicredi, Tramontini M\u00e1quinas, Trento Materiais El\u00e9tricos, Ulimaq e V\u00eaneto.<\/p>\n\n\n\n<p class=\"has-medium-font-size\"><strong>Confira a programa\u00e7\u00e3o:<\/strong><\/p>\n\n\n\n<p>Confira a programa\u00e7\u00e3o:<br>13h30min: Abertura e credenciamento<br>14h: In\u00edcio do circuito das esta\u00e7\u00f5es<br>\u2022 Esta\u00e7\u00e3o Pessegueiro: \u00c9poca e m\u00e9todos de raleio de frutas &#8211; Eng. Agr. Alexandre de Oliveira Frozza. Emater\/RS-ASCAR<br>\u2022 S\u00edndrome da morte precoce do pessegueiro &#8211; Eng. Agr. Enio \u00c2ngelo Todeschini. Emater\/RS-ASCAR<br>\u2022 Esta\u00e7\u00e3o Hortali\u00e7as\/Cebola: Produ\u00e7\u00e3o de mudas e aduba\u00e7\u00f5es da cultura &#8211; Eng. Agr. Willian Heintze &#8211; Emater\/RS-ASCAR<br>\u2022 Esta\u00e7\u00e3o Videira: Intera\u00e7\u00e3o plantas de cobertura do solo (PCs) e videira: por que n\u00e3o usar? &#8211; Pesquisador George Wellington Melo &#8211; Embrapa Uva e Vinho<br>17h: Apresenta\u00e7\u00e3o de tecnologias dos apoiadores<br>18h: Confraterniza\u00e7\u00e3o e encerramento<\/p>\n","protected":false},"excerpt":{"rendered":"<p>A atividade tem como objetivo proporcionar a troca de experi\u00eancias entre os participantes A segunda edi\u00e7\u00e3o do \u2018Dia do Agro\u2019 em Flores da Cunha ocorre no dia 26 de outubro,&hellip;<\/p>\n","protected":false},"author":16,"featured_media":89916,"comment_status":"closed","ping_status":"closed","sticky":false,"template":"","format":"standard","meta":{"_lmt_disableupdate":"","_lmt_disable":"","footnotes":""},"categories":[83],"tags":[4409,14337,114,154,3105,992,283],"powerkit_post_featured":[],"class_list":{"0":"post-89915","1":"post","2":"type-post","3":"status-publish","4":"format-standard","5":"has-post-thumbnail","7":"category-serra-gaucha","8":"tag-agro","9":"tag-enio-stocco","10":"tag-flores-da-cunha","11":"tag-prefeitura","12":"tag-prefeitura-de-flores-da-cunha","13":"tag-serra","14":"tag-serra-gaucha"},"modified_by":"Bruna Picinini","_links":{"self":[{"href":"https:\/\/radiosolaris.com.br\/beta\/wp-json\/wp\/v2\/posts\/89915","targetHints":{"allow":["GET"]}}],"collection":[{"href":"https:\/\/radiosolaris.com.br\/beta\/wp-json\/wp\/v2\/posts"}],"about":[{"href":"https:\/\/radiosolaris.com.br\/beta\/wp-json\/wp\/v2\/types\/post"}],"author":[{"embeddable":true,"href":"https:\/\/radiosolaris.com.br\/beta\/wp-json\/wp\/v2\/users\/16"}],"replies":[{"embeddable":true,"href":"https:\/\/radiosolaris.com.br\/beta\/wp-json\/wp\/v2\/comments?post=89915"}],"version-history":[{"count":0,"href":"https:\/\/radiosolaris.com.br\/beta\/wp-json\/wp\/v2\/posts\/89915\/revisions"}],"wp:featuredmedia":[{"embeddable":true,"href":"https:\/\/radiosolaris.com.br\/beta\/wp-json\/wp\/v2\/media\/89916"}],"wp:attachment":[{"href":"https:\/\/radiosolaris.com.br\/beta\/wp-json\/wp\/v2\/media?parent=89915"}],"wp:term":[{"taxonomy":"category","embeddable":true,"href":"https:\/\/radiosolaris.com.br\/beta\/wp-json\/wp\/v2\/categories?post=89915"},{"taxonomy":"post_tag","embeddable":true,"href":"https:\/\/radiosolaris.com.br\/beta\/wp-json\/wp\/v2\/tags?post=89915"},{"taxonomy":"powerkit_post_featured","embeddable":true,"href":"https:\/\/radiosolaris.com.br\/beta\/wp-json\/wp\/v2\/powerkit_post_featured?post=89915"}],"curies":[{"name":"wp","href":"https:\/\/api.w.org\/{rel}","templated":true}]}}