{"id":89593,"date":"2022-10-03T14:02:15","date_gmt":"2022-10-03T17:02:15","guid":{"rendered":"https:\/\/radiosolaris.com.br\/beta\/?p=89593"},"modified":"2022-10-03T14:02:18","modified_gmt":"2022-10-03T17:02:18","slug":"campanha-de-vacinacao-contra-a-poliomielite-e-prorrogada-em-flores-da-cunha","status":"publish","type":"post","link":"https:\/\/radiosolaris.com.br\/beta\/campanha-de-vacinacao-contra-a-poliomielite-e-prorrogada-em-flores-da-cunha\/","title":{"rendered":"Campanha de vacina\u00e7\u00e3o contra a poliomielite \u00e9 prorrogada em Flores da Cunha"},"content":{"rendered":"\n<h4 id=\"as-doses-sao-aplicadas-no-centro-de-saude-e-nas-ubss\" class=\"wp-block-heading\">As doses s\u00e3o aplicadas no Centro de Sa\u00fade e nas UBSs<\/h4>\n\n\n\n<p>A campanha de vacina\u00e7\u00e3o contra a Poliomielite e a multivacina\u00e7\u00e3o em Flores da Cunha foi prorrogada at\u00e9 o dia 22 de outubro. A aplica\u00e7\u00e3o ocorre no Centro de Sa\u00fade Irm\u00e3 Benedita Zorzi, das 8h \u00e0s 11h30 e das 13h15min \u00e0s 17h30min, e nas Unidades B\u00e1sicas de Sa\u00fade (UBSs).<\/p>\n\n\n\n<p>Segundo a Secretaria Municipal da Sa\u00fade (SMS), podem se vacinar crian\u00e7as que tenham entre um e cinco anos. Al\u00e9m disso, crian\u00e7as e adolescentes com menos de 15 anos podem deixar a carteirinha de vacina\u00e7\u00e3o em dia. &nbsp;<\/p>\n\n\n\n<figure class=\"wp-block-image size-large\"><img  decoding=\"async\"  src=\"data:image\/png;base64,iVBORw0KGgoAAAANSUhEUgAABIgAAAMEAQMAAADuN4ytAAAAA1BMVEUAAP+KeNJXAAAAAXRSTlMAQObYZgAAAAlwSFlzAAAOxAAADsQBlSsOGwAAAIRJREFUeNrtwQENAAAAwqD3T20PBxQAAAAAAAAAAAAAAAAAAAAAAAAAAAAAAAAAAAAAAAAAAAAAAAAAAAAAAAAAAAAAAAAAAAAAAAAAAAAAAAAAAAAAAAAAAAAAAAAAAAAAAAAAAAAAAAAAAAAAAAAAAAAAAAAAAAAAAAAAAAAAAADAtwG4VwABPcKv8wAAAABJRU5ErkJggg==\"  alt=\"\"  class=\"wp-image-88369 pk-lazyload\"  data-pk-sizes=\"auto\"  data-pk-src=\"https:\/\/radiosolaris.com.br\/beta\/wp-content\/uploads\/2022\/09\/Vacinacao-Poliomelite-Creches-16-setembro-2022-Samuel-Maciel-2-1024x681.jpg\" ><\/figure>\n","protected":false},"excerpt":{"rendered":"<p>As doses s\u00e3o aplicadas no Centro de Sa\u00fade e nas UBSs A campanha de vacina\u00e7\u00e3o contra a Poliomielite e a multivacina\u00e7\u00e3o em Flores da Cunha foi prorrogada at\u00e9 o dia&hellip;<\/p>\n","protected":false},"author":16,"featured_media":0,"comment_status":"closed","ping_status":"closed","sticky":false,"template":"","format":"standard","meta":{"_lmt_disableupdate":"","_lmt_disable":"","footnotes":""},"categories":[1855,83],"tags":[1172,114,5279,5186,992,283,1070,161,14319],"powerkit_post_featured":[],"class_list":{"0":"post-89593","1":"post","2":"type-post","3":"status-publish","4":"format-standard","6":"category-saude","7":"category-serra-gaucha","8":"tag-centro-de-saude","9":"tag-flores-da-cunha","10":"tag-polio-2","11":"tag-poliomielite","12":"tag-serra","13":"tag-serra-gaucha","14":"tag-ubs","15":"tag-vacinacao","16":"tag-vacinacao-contra-poliomielite"},"modified_by":"Bruna Picinini","_links":{"self":[{"href":"https:\/\/radiosolaris.com.br\/beta\/wp-json\/wp\/v2\/posts\/89593","targetHints":{"allow":["GET"]}}],"collection":[{"href":"https:\/\/radiosolaris.com.br\/beta\/wp-json\/wp\/v2\/posts"}],"about":[{"href":"https:\/\/radiosolaris.com.br\/beta\/wp-json\/wp\/v2\/types\/post"}],"author":[{"embeddable":true,"href":"https:\/\/radiosolaris.com.br\/beta\/wp-json\/wp\/v2\/users\/16"}],"replies":[{"embeddable":true,"href":"https:\/\/radiosolaris.com.br\/beta\/wp-json\/wp\/v2\/comments?post=89593"}],"version-history":[{"count":0,"href":"https:\/\/radiosolaris.com.br\/beta\/wp-json\/wp\/v2\/posts\/89593\/revisions"}],"wp:attachment":[{"href":"https:\/\/radiosolaris.com.br\/beta\/wp-json\/wp\/v2\/media?parent=89593"}],"wp:term":[{"taxonomy":"category","embeddable":true,"href":"https:\/\/radiosolaris.com.br\/beta\/wp-json\/wp\/v2\/categories?post=89593"},{"taxonomy":"post_tag","embeddable":true,"href":"https:\/\/radiosolaris.com.br\/beta\/wp-json\/wp\/v2\/tags?post=89593"},{"taxonomy":"powerkit_post_featured","embeddable":true,"href":"https:\/\/radiosolaris.com.br\/beta\/wp-json\/wp\/v2\/powerkit_post_featured?post=89593"}],"curies":[{"name":"wp","href":"https:\/\/api.w.org\/{rel}","templated":true}]}}