{"id":89485,"date":"2022-10-02T20:22:44","date_gmt":"2022-10-02T23:22:44","guid":{"rendered":"https:\/\/radiosolaris.com.br\/beta\/?p=89485"},"modified":"2022-10-02T20:47:14","modified_gmt":"2022-10-02T23:47:14","slug":"identificadas-as-cinco-vitimas-do-acidente-envolvendo-carro-de-caxias-do-sul-na-br-285","status":"publish","type":"post","link":"https:\/\/radiosolaris.com.br\/beta\/identificadas-as-cinco-vitimas-do-acidente-envolvendo-carro-de-caxias-do-sul-na-br-285\/","title":{"rendered":"Identificadas as cinco v\u00edtimas do acidente envolvendo carro de Caxias do Sul na BR-285"},"content":{"rendered":"\n<h4 id=\"a-colisao-frontal-que-tirou-a-vida-de-cinco-pessoal-da-mesma-familia-aconteceu-por-volta-das-8h-deste-domingo-2-na-cidade-de-santa-barbara-do-sul\" class=\"wp-block-heading\">A colis\u00e3o frontal que tirou a vida de cinco pessoal da mesma fam\u00edlia aconteceu por volta das 8h deste domingo (2) na cidade de Santa B\u00e1rbara do Sul<\/h4>\n\n\n\n<p>Foram identificados os cinco mortos no acidente de tr\u00e2nsito ocorrido por volta das 8h deste domingo (2) na BR-285, entre os munic\u00edpios de Santa B\u00e1rbara do Sul e Saldanha Marinho (RS), na regi\u00e3o Norte do Rio Grande do Sul. O acidente envolveu um veiculo Renault\/Clio, com placas de Caxias do Sul, e um Jeep Renegade, que colidiram frontalmente.<\/p>\n\n\n\n<p>Apesar do ve\u00edculo onde estavam as cinco v\u00edtimas ter placas de Caxias do Sul, as v\u00edtimas eram moradoras da cidade de Canoas (RS). Os quatro adultos foram identificados como Ant\u00f4nio dos Reis Martins Junior, de 25 anos, Jorge Ant\u00f4nio dos Reis Martins, de 53 anos, a esposa Neimar Paim Rodrigues, de 52 anos, Teresinha Paim Dias, com 51 anos. A 5\u00aa v\u00edtima, de 12 anos, foi identificada como Milena de Souza Silveira.<\/p>\n\n\n\n<p>Conforme informa\u00e7\u00f5es de testemunhas, as v\u00edtimas eram naturais do munic\u00edpio de S\u00e3o Borja (RS) &#8211; Fronteira Oeste &#8211; mas residiam na Regi\u00e3o Metropolitana. Todas as v\u00edtimas fatais estavam no ve\u00edculo Clio.<\/p>\n\n\n\n<p>O condutor do Jeep, com placa de Santa B\u00e1rbara do Sul, Edelmar Jorge Staforti, foi encaminhado ao Hospital de Carazinho.<\/p>\n\n\n\n<p>Testemunhas relatam que a colis\u00e3o frontal foi ocasionada a partir de uma tentativa de ultrapassagem. As circunst\u00e2ncias do acidente est\u00e3o sendo investigadas pela Pol\u00edcia Civil de Cruz Alta (RS). <\/p>\n\n\n\n<p>Fotos: Renato Bueno\/Reprodu\u00e7\u00e3o Redes Sociais<\/p>\n","protected":false},"excerpt":{"rendered":"<p>A colis\u00e3o frontal que tirou a vida de cinco pessoal da mesma fam\u00edlia aconteceu por volta das 8h deste domingo (2) na cidade de Santa B\u00e1rbara do Sul Foram identificados&hellip;<\/p>\n","protected":false},"author":17,"featured_media":89486,"comment_status":"closed","ping_status":"closed","sticky":false,"template":"","format":"standard","meta":{"_lmt_disableupdate":"","_lmt_disable":"","footnotes":""},"categories":[84,1,14235],"tags":[307,148,578,14310,13459,6225,14304,283],"powerkit_post_featured":[],"class_list":{"0":"post-89485","1":"post","2":"type-post","3":"status-publish","4":"format-standard","5":"has-post-thumbnail","7":"category-brasil","8":"category-geral","9":"category-transito","10":"tag-acidente","11":"tag-caxias-do-sul","12":"tag-colisao","13":"tag-familia-morre-no-transito","14":"tag-identificacao-das-vitimas","15":"tag-morte-no-transito","16":"tag-santa-barbara-do-sul","17":"tag-serra-gaucha"},"modified_by":"Igor Panzenhagen","_links":{"self":[{"href":"https:\/\/radiosolaris.com.br\/beta\/wp-json\/wp\/v2\/posts\/89485","targetHints":{"allow":["GET"]}}],"collection":[{"href":"https:\/\/radiosolaris.com.br\/beta\/wp-json\/wp\/v2\/posts"}],"about":[{"href":"https:\/\/radiosolaris.com.br\/beta\/wp-json\/wp\/v2\/types\/post"}],"author":[{"embeddable":true,"href":"https:\/\/radiosolaris.com.br\/beta\/wp-json\/wp\/v2\/users\/17"}],"replies":[{"embeddable":true,"href":"https:\/\/radiosolaris.com.br\/beta\/wp-json\/wp\/v2\/comments?post=89485"}],"version-history":[{"count":0,"href":"https:\/\/radiosolaris.com.br\/beta\/wp-json\/wp\/v2\/posts\/89485\/revisions"}],"wp:featuredmedia":[{"embeddable":true,"href":"https:\/\/radiosolaris.com.br\/beta\/wp-json\/wp\/v2\/media\/89486"}],"wp:attachment":[{"href":"https:\/\/radiosolaris.com.br\/beta\/wp-json\/wp\/v2\/media?parent=89485"}],"wp:term":[{"taxonomy":"category","embeddable":true,"href":"https:\/\/radiosolaris.com.br\/beta\/wp-json\/wp\/v2\/categories?post=89485"},{"taxonomy":"post_tag","embeddable":true,"href":"https:\/\/radiosolaris.com.br\/beta\/wp-json\/wp\/v2\/tags?post=89485"},{"taxonomy":"powerkit_post_featured","embeddable":true,"href":"https:\/\/radiosolaris.com.br\/beta\/wp-json\/wp\/v2\/powerkit_post_featured?post=89485"}],"curies":[{"name":"wp","href":"https:\/\/api.w.org\/{rel}","templated":true}]}}