{"id":89473,"date":"2022-10-02T15:30:12","date_gmt":"2022-10-02T18:30:12","guid":{"rendered":"https:\/\/radiosolaris.com.br\/beta\/?p=89473"},"modified":"2022-10-02T15:30:17","modified_gmt":"2022-10-02T18:30:17","slug":"mulher-e-agredida-pelo-namorado-com-arma-de-choque-em-flores-da-cunha","status":"publish","type":"post","link":"https:\/\/radiosolaris.com.br\/beta\/mulher-e-agredida-pelo-namorado-com-arma-de-choque-em-flores-da-cunha\/","title":{"rendered":"Mulher \u00e9 agredida pelo namorado com arma de choque em Flores da Cunha"},"content":{"rendered":"\n<h4 id=\"brigada-militar-registrou-a-ocorrencia-de-maria-da-penha-no-bairro-parque-dos-pinheiros\" class=\"wp-block-heading\">Brigada Militar registrou a ocorr\u00eancia de Maria da Penha no bairro Parque dos Pinheiros<\/h4>\n\n\n\n<p>Uma mulher de 36 anos foi agredida pelo namorado com uma arma de choque em Flores da Cunha. A ocorr\u00eancia de Maria da Penha foi registrada pela Brigada Militar (BM) por volta da 00h30min deste domingo (2), no bairro Parque dos Pinheiros.<\/p>\n\n\n\n<p>A mulher foi conduzida \u00e0 Delegacia de Pol\u00edcia de Caxias do Sul para registro e solicita\u00e7\u00e3o de medidas protetivas de urg\u00eancia.<\/p>\n\n\n\n<p><\/p>\n","protected":false},"excerpt":{"rendered":"<p>Brigada Militar registrou a ocorr\u00eancia de Maria da Penha no bairro Parque dos Pinheiros Uma mulher de 36 anos foi agredida pelo namorado com uma arma de choque em Flores&hellip;<\/p>\n","protected":false},"author":17,"featured_media":84823,"comment_status":"closed","ping_status":"closed","sticky":false,"template":"","format":"standard","meta":{"_lmt_disableupdate":"","_lmt_disable":"","footnotes":""},"categories":[14234],"tags":[14309,6444,114,968,283,3302],"powerkit_post_featured":[],"class_list":{"0":"post-89473","1":"post","2":"type-post","3":"status-publish","4":"format-standard","5":"has-post-thumbnail","7":"category-seguranca","8":"tag-arma-de-choque","9":"tag-bairro-parque-dos-pinheiros","10":"tag-flores-da-cunha","11":"tag-maria-da-penha","12":"tag-serra-gaucha","13":"tag-violencia-2"},"modified_by":"Igor Panzenhagen","_links":{"self":[{"href":"https:\/\/radiosolaris.com.br\/beta\/wp-json\/wp\/v2\/posts\/89473","targetHints":{"allow":["GET"]}}],"collection":[{"href":"https:\/\/radiosolaris.com.br\/beta\/wp-json\/wp\/v2\/posts"}],"about":[{"href":"https:\/\/radiosolaris.com.br\/beta\/wp-json\/wp\/v2\/types\/post"}],"author":[{"embeddable":true,"href":"https:\/\/radiosolaris.com.br\/beta\/wp-json\/wp\/v2\/users\/17"}],"replies":[{"embeddable":true,"href":"https:\/\/radiosolaris.com.br\/beta\/wp-json\/wp\/v2\/comments?post=89473"}],"version-history":[{"count":0,"href":"https:\/\/radiosolaris.com.br\/beta\/wp-json\/wp\/v2\/posts\/89473\/revisions"}],"wp:featuredmedia":[{"embeddable":true,"href":"https:\/\/radiosolaris.com.br\/beta\/wp-json\/wp\/v2\/media\/84823"}],"wp:attachment":[{"href":"https:\/\/radiosolaris.com.br\/beta\/wp-json\/wp\/v2\/media?parent=89473"}],"wp:term":[{"taxonomy":"category","embeddable":true,"href":"https:\/\/radiosolaris.com.br\/beta\/wp-json\/wp\/v2\/categories?post=89473"},{"taxonomy":"post_tag","embeddable":true,"href":"https:\/\/radiosolaris.com.br\/beta\/wp-json\/wp\/v2\/tags?post=89473"},{"taxonomy":"powerkit_post_featured","embeddable":true,"href":"https:\/\/radiosolaris.com.br\/beta\/wp-json\/wp\/v2\/powerkit_post_featured?post=89473"}],"curies":[{"name":"wp","href":"https:\/\/api.w.org\/{rel}","templated":true}]}}