{"id":89463,"date":"2022-10-02T10:54:12","date_gmt":"2022-10-02T13:54:12","guid":{"rendered":"https:\/\/radiosolaris.com.br\/beta\/?p=89463"},"modified":"2022-10-02T10:54:15","modified_gmt":"2022-10-02T13:54:15","slug":"pela-primeira-vez-todos-os-estados-votam-no-mesmo-horario-no-brasil","status":"publish","type":"post","link":"https:\/\/radiosolaris.com.br\/beta\/pela-primeira-vez-todos-os-estados-votam-no-mesmo-horario-no-brasil\/","title":{"rendered":"Pela primeira vez todos os estados votam no mesmo hor\u00e1rio no Brasil"},"content":{"rendered":"\n<h4 id=\"horario-de-brasilia-vai-ser-utilizado-inclusive-no-amazonas-e-acre-onde-fuso-horario-e-de-duas-horas\" class=\"wp-block-heading\">Hor\u00e1rio de Bras\u00edlia vai ser utilizado, inclusive no Amazonas e Acre, onde fuso hor\u00e1rio \u00e9 de duas horas<\/h4>\n\n\n\n<p>Pela primeira vez todos os estados brasileiros votar\u00e3o no mesmo hor\u00e1rio. \u00c9 a primeira vez que o hor\u00e1rio de Bras\u00edlia vai ser utilizado como padr\u00e3o em uma elei\u00e7\u00e3o. Ou seja, as urnas s\u00e3o abertas e fechadas juntas em todo o pa\u00eds, independentemente do fuso hor\u00e1rio de cada regi\u00e3o.<\/p>\n\n\n\n<p>Ser\u00e3o nove horas de vota\u00e7\u00e3o, as se\u00e7\u00f5es eleitorais abriram \u00e0s 8h e v\u00e3o ser fechadas \u00e0s 17h.<\/p>\n\n\n\n<p>No Acre e em parte do Amazonas, os rel\u00f3gios marcar\u00e3o 6h no in\u00edcio da vota\u00e7\u00e3o. Ser\u00e3o 7h no restante do estado e em Rond\u00f4nia, Mato Grosso, Mato Grosso do Sul e Roraima. \u00c0s 9h, para quem estiver em Fernando de Noronha (PE).<\/p>\n\n\n\n<p>Da mesma forma, o fechamento das urnas obedecer\u00e1 a essa diferen\u00e7a. \u00c9 importante lembrar que as se\u00e7\u00f5es eleitorais esperam os eleitores que est\u00e3o na fila votar antes de encerrar seus trabalhos.<\/p>\n\n\n\n<p><\/p>\n","protected":false},"excerpt":{"rendered":"<p>Hor\u00e1rio de Bras\u00edlia vai ser utilizado, inclusive no Amazonas e Acre, onde fuso hor\u00e1rio \u00e9 de duas horas Pela primeira vez todos os estados brasileiros votar\u00e3o no mesmo hor\u00e1rio. \u00c9&hellip;<\/p>\n","protected":false},"author":17,"featured_media":89238,"comment_status":"closed","ping_status":"closed","sticky":false,"template":"","format":"standard","meta":{"_lmt_disableupdate":"","_lmt_disable":"","footnotes":""},"categories":[14192,83],"tags":[935,2906,14303,283,128],"powerkit_post_featured":[],"class_list":{"0":"post-89463","1":"post","2":"type-post","3":"status-publish","4":"format-standard","5":"has-post-thumbnail","7":"category-eleicoes","8":"category-serra-gaucha","9":"tag-eleicoes","10":"tag-horario-2","11":"tag-horario-de-brasilia","12":"tag-serra-gaucha","13":"tag-votacao"},"modified_by":"Igor Panzenhagen","_links":{"self":[{"href":"https:\/\/radiosolaris.com.br\/beta\/wp-json\/wp\/v2\/posts\/89463","targetHints":{"allow":["GET"]}}],"collection":[{"href":"https:\/\/radiosolaris.com.br\/beta\/wp-json\/wp\/v2\/posts"}],"about":[{"href":"https:\/\/radiosolaris.com.br\/beta\/wp-json\/wp\/v2\/types\/post"}],"author":[{"embeddable":true,"href":"https:\/\/radiosolaris.com.br\/beta\/wp-json\/wp\/v2\/users\/17"}],"replies":[{"embeddable":true,"href":"https:\/\/radiosolaris.com.br\/beta\/wp-json\/wp\/v2\/comments?post=89463"}],"version-history":[{"count":0,"href":"https:\/\/radiosolaris.com.br\/beta\/wp-json\/wp\/v2\/posts\/89463\/revisions"}],"wp:featuredmedia":[{"embeddable":true,"href":"https:\/\/radiosolaris.com.br\/beta\/wp-json\/wp\/v2\/media\/89238"}],"wp:attachment":[{"href":"https:\/\/radiosolaris.com.br\/beta\/wp-json\/wp\/v2\/media?parent=89463"}],"wp:term":[{"taxonomy":"category","embeddable":true,"href":"https:\/\/radiosolaris.com.br\/beta\/wp-json\/wp\/v2\/categories?post=89463"},{"taxonomy":"post_tag","embeddable":true,"href":"https:\/\/radiosolaris.com.br\/beta\/wp-json\/wp\/v2\/tags?post=89463"},{"taxonomy":"powerkit_post_featured","embeddable":true,"href":"https:\/\/radiosolaris.com.br\/beta\/wp-json\/wp\/v2\/powerkit_post_featured?post=89463"}],"curies":[{"name":"wp","href":"https:\/\/api.w.org\/{rel}","templated":true}]}}