{"id":89287,"date":"2022-09-30T15:36:13","date_gmt":"2022-09-30T18:36:13","guid":{"rendered":"https:\/\/radiosolaris.com.br\/beta\/?p=89287"},"modified":"2022-09-30T15:36:16","modified_gmt":"2022-09-30T18:36:16","slug":"feira-do-livro-de-caxias-do-sul-comeca-nesta-sexta-feira-30-na-praca-dante-alighieri","status":"publish","type":"post","link":"https:\/\/radiosolaris.com.br\/beta\/feira-do-livro-de-caxias-do-sul-comeca-nesta-sexta-feira-30-na-praca-dante-alighieri\/","title":{"rendered":"Feira do Livro de Caxias do Sul come\u00e7a nesta sexta-feira (30) na pra\u00e7a Dante Alighieri"},"content":{"rendered":"\n<h4 id=\"venda-de-livros-exposicoes-apresentacoes-shows-e-demais-atividades-culturais-vao-ate-16-de-outubro\" class=\"wp-block-heading\">Venda de livros, exposi\u00e7\u00f5es, apresenta\u00e7\u00f5es, shows e demais atividades culturais v\u00e3o at\u00e9 16 de outubro<\/h4>\n\n\n\n<p>A solenidade de abertura da 38\u00b0 edi\u00e7\u00e3o da Feira do Livro de Caxias do Sul ocorre as 18h30min desta sexta-feira (30), na pra\u00e7a Dante Alighieri, no centro da cidade, por\u00e9m, a venda de livros j\u00e1 come\u00e7ou.<\/p>\n\n\n\n<p>As bancas est\u00e3o comercializando seus produtos, com destaque para os livros infantis, que chamam a aten\u00e7\u00e3o das crian\u00e7as e pais que passam pelo local, e tamb\u00e9m para as editoras de livros religiosos, tanto cat\u00f3licos, evang\u00e9licos e esp\u00edritas, que representam boa parte do movimento da feira.<\/p>\n\n\n\n<p>A edi\u00e7\u00e3o deste ano ainda conta com o show nacional da Fam\u00edlia Lima, que acontece no dia 9 de outubro, no palco principal da feira. A programa\u00e7\u00e3o completa pode ser conferida pelo site <a href=\"https:\/\/www.feiradolivrocaxias.com\/programacao\">https:\/\/www.feiradolivrocaxias.com\/programacao<\/a>.<\/p>\n\n\n\n<p>Outra novidade neste ano \u00e9 a iniciativa da Secretaria Municipal de Sa\u00fade que est\u00e1 disponibilizando um ponto de vacina\u00e7\u00e3o durante o evento. Ser\u00e3o ofertadas vacinas contra a covid-19 para pessoas maiores de 12 anos e gotinhas contra a poliomielite para crian\u00e7as menores de cinco anos.<\/p>\n\n\n\n<p><strong>Servi\u00e7o:<\/strong><\/p>\n\n\n\n<p>O que?<strong> 38\u00b0 Feira do Livro<\/strong><br>Onde? <strong>Pra\u00e7a Pra\u00e7a Dante Alighieri<\/strong><br>Quando? <strong>De 30\/9 at\u00e9 16\/10<\/strong><br>Informa\u00e7\u00f5es e programa\u00e7\u00e3o: <a href=\"https:\/\/www.feiradolivrocaxias.com\">https:\/\/www.feiradolivrocaxias.com<\/a>\/<\/p>\n\n\n\n<p><\/p>\n\n\n\n<figure class=\"wp-block-gallery has-nested-images columns-default is-cropped wp-block-gallery-1 is-layout-flex wp-block-gallery-is-layout-flex\">\n<figure class=\"wp-block-image size-large\"><img  loading=\"lazy\"  decoding=\"async\"  width=\"1156\"  height=\"867\"  data-id=\"89292\"  src=\"data:image\/png;base64,iVBORw0KGgoAAAANSUhEUgAAAAEAAAABAQMAAAAl21bKAAAAA1BMVEUAAP+KeNJXAAAAAXRSTlMAQObYZgAAAAlwSFlzAAAOxAAADsQBlSsOGwAAAApJREFUCNdjYAAAAAIAAeIhvDMAAAAASUVORK5CYII=\"  alt=\"\"  class=\"wp-image-89292 pk-lazyload\"  data-pk-sizes=\"auto\"  data-ls-sizes=\"auto, (max-width: 1156px) 100vw, 1156px\"  data-pk-src=\"https:\/\/radiosolaris.com.br\/beta\/wp-content\/uploads\/2022\/09\/WhatsApp-Image-2022-09-30-at-15.26.34.jpeg\"  data-pk-srcset=\"https:\/\/radiosolaris.com.br\/beta\/wp-content\/uploads\/2022\/09\/WhatsApp-Image-2022-09-30-at-15.26.34.jpeg 1156w, https:\/\/radiosolaris.com.br\/beta\/wp-content\/uploads\/2022\/09\/WhatsApp-Image-2022-09-30-at-15.26.34-320x240.jpeg 320w, https:\/\/radiosolaris.com.br\/beta\/wp-content\/uploads\/2022\/09\/WhatsApp-Image-2022-09-30-at-15.26.34-800x600.jpeg 800w\" ><\/figure>\n\n\n\n<figure class=\"wp-block-image size-large\"><img  loading=\"lazy\"  decoding=\"async\"  width=\"1156\"  height=\"867\"  data-id=\"89293\"  src=\"data:image\/png;base64,iVBORw0KGgoAAAANSUhEUgAAAAEAAAABAQMAAAAl21bKAAAAA1BMVEUAAP+KeNJXAAAAAXRSTlMAQObYZgAAAAlwSFlzAAAOxAAADsQBlSsOGwAAAApJREFUCNdjYAAAAAIAAeIhvDMAAAAASUVORK5CYII=\"  alt=\"\"  class=\"wp-image-89293 pk-lazyload\"  data-pk-sizes=\"auto\"  data-pk-src=\"https:\/\/radiosolaris.com.br\/beta\/wp-content\/uploads\/2022\/09\/WhatsApp-Image-2022-09-30-at-15.26.33-1.jpeg\" ><\/figure>\n\n\n\n<figure class=\"wp-block-image size-large\"><img  loading=\"lazy\"  decoding=\"async\"  width=\"1156\"  height=\"867\"  data-id=\"89296\"  src=\"data:image\/png;base64,iVBORw0KGgoAAAANSUhEUgAABIQAAANjAQMAAADh+lPBAAAAA1BMVEUAAP+KeNJXAAAAAXRSTlMAQObYZgAAAAlwSFlzAAAOxAAADsQBlSsOGwAAAJJJREFUeNrtwTEBAAAAwqD1T20ND6AAAAAAAAAAAAAAAAAAAAAAAAAAAAAAAAAAAAAAAAAAAAAAAAAAAAAAAAAAAAAAAAAAAAAAAAAAAAAAAAAAAAAAAAAAAAAAAAAAAAAAAAAAAAAAAAAAAAAAAAAAAAAAAAAAAAAAAAAAAAAAAAAAAAAAAAAAAAAAAAAAAODdAO6FAAHBM2zjAAAAAElFTkSuQmCC\"  alt=\"\"  class=\"wp-image-89296 pk-lazyload\"  data-pk-sizes=\"auto\"  data-ls-sizes=\"auto, (max-width: 1156px) 100vw, 1156px\"  data-pk-src=\"https:\/\/radiosolaris.com.br\/beta\/wp-content\/uploads\/2022\/09\/WhatsApp-Image-2022-09-30-at-15.26.33.jpeg\"  data-pk-srcset=\"https:\/\/radiosolaris.com.br\/beta\/wp-content\/uploads\/2022\/09\/WhatsApp-Image-2022-09-30-at-15.26.33.jpeg 1156w, https:\/\/radiosolaris.com.br\/beta\/wp-content\/uploads\/2022\/09\/WhatsApp-Image-2022-09-30-at-15.26.33-800x600.jpeg 800w\" ><\/figure>\n\n\n\n<figure class=\"wp-block-image size-large\"><img  loading=\"lazy\"  decoding=\"async\"  width=\"1156\"  height=\"867\"  data-id=\"89294\"  src=\"data:image\/png;base64,iVBORw0KGgoAAAANSUhEUgAAAAEAAAABAQMAAAAl21bKAAAAA1BMVEUAAP+KeNJXAAAAAXRSTlMAQObYZgAAAAlwSFlzAAAOxAAADsQBlSsOGwAAAApJREFUCNdjYAAAAAIAAeIhvDMAAAAASUVORK5CYII=\"  alt=\"\"  class=\"wp-image-89294 pk-lazyload\"  data-pk-sizes=\"auto\"  data-ls-sizes=\"auto, (max-width: 1156px) 100vw, 1156px\"  data-pk-src=\"https:\/\/radiosolaris.com.br\/beta\/wp-content\/uploads\/2022\/09\/WhatsApp-Image-2022-09-30-at-15.26.31.jpeg\"  data-pk-srcset=\"https:\/\/radiosolaris.com.br\/beta\/wp-content\/uploads\/2022\/09\/WhatsApp-Image-2022-09-30-at-15.26.31.jpeg 1156w, https:\/\/radiosolaris.com.br\/beta\/wp-content\/uploads\/2022\/09\/WhatsApp-Image-2022-09-30-at-15.26.31-320x240.jpeg 320w, https:\/\/radiosolaris.com.br\/beta\/wp-content\/uploads\/2022\/09\/WhatsApp-Image-2022-09-30-at-15.26.31-800x600.jpeg 800w\" ><\/figure>\n\n\n\n<figure class=\"wp-block-image size-large\"><img  loading=\"lazy\"  decoding=\"async\"  width=\"1156\"  height=\"867\"  data-id=\"89297\"  src=\"data:image\/png;base64,iVBORw0KGgoAAAANSUhEUgAAAAEAAAABAQMAAAAl21bKAAAAA1BMVEUAAP+KeNJXAAAAAXRSTlMAQObYZgAAAAlwSFlzAAAOxAAADsQBlSsOGwAAAApJREFUCNdjYAAAAAIAAeIhvDMAAAAASUVORK5CYII=\"  alt=\"\"  class=\"wp-image-89297 pk-lazyload\"  data-pk-sizes=\"auto\"  data-pk-src=\"https:\/\/radiosolaris.com.br\/beta\/wp-content\/uploads\/2022\/09\/WhatsApp-Image-2022-09-30-at-15.26.35.jpeg\" ><\/figure>\n\n\n\n<figure class=\"wp-block-image size-large\"><img  loading=\"lazy\"  decoding=\"async\"  width=\"1156\"  height=\"867\"  data-id=\"89295\"  src=\"data:image\/png;base64,iVBORw0KGgoAAAANSUhEUgAAAAEAAAABAQMAAAAl21bKAAAAA1BMVEUAAP+KeNJXAAAAAXRSTlMAQObYZgAAAAlwSFlzAAAOxAAADsQBlSsOGwAAAApJREFUCNdjYAAAAAIAAeIhvDMAAAAASUVORK5CYII=\"  alt=\"\"  class=\"wp-image-89295 pk-lazyload\"  data-pk-sizes=\"auto\"  data-pk-src=\"https:\/\/radiosolaris.com.br\/beta\/wp-content\/uploads\/2022\/09\/WhatsApp-Image-2022-09-30-at-15.26.54.jpeg\" ><\/figure>\n\n\n\n<figure class=\"wp-block-image size-large\"><img  loading=\"lazy\"  decoding=\"async\"  width=\"1160\"  height=\"870\"  data-id=\"89298\"  src=\"data:image\/png;base64,iVBORw0KGgoAAAANSUhEUgAAAAEAAAABAQMAAAAl21bKAAAAA1BMVEUAAP+KeNJXAAAAAXRSTlMAQObYZgAAAAlwSFlzAAAOxAAADsQBlSsOGwAAAApJREFUCNdjYAAAAAIAAeIhvDMAAAAASUVORK5CYII=\"  alt=\"\"  class=\"wp-image-89298 pk-lazyload\"  data-pk-sizes=\"auto\"  data-ls-sizes=\"auto, (max-width: 1160px) 100vw, 1160px\"  data-pk-src=\"https:\/\/radiosolaris.com.br\/beta\/wp-content\/uploads\/2022\/09\/WhatsApp-Image-2022-09-30-at-15.26.55-1160x870.jpeg\"  data-pk-srcset=\"https:\/\/radiosolaris.com.br\/beta\/wp-content\/uploads\/2022\/09\/WhatsApp-Image-2022-09-30-at-15.26.55-1160x870.jpeg 1160w, https:\/\/radiosolaris.com.br\/beta\/wp-content\/uploads\/2022\/09\/WhatsApp-Image-2022-09-30-at-15.26.55-800x600.jpeg 800w, https:\/\/radiosolaris.com.br\/beta\/wp-content\/uploads\/2022\/09\/WhatsApp-Image-2022-09-30-at-15.26.55-320x240.jpeg 320w, https:\/\/radiosolaris.com.br\/beta\/wp-content\/uploads\/2022\/09\/WhatsApp-Image-2022-09-30-at-15.26.55-1536x1152.jpeg 1536w, https:\/\/radiosolaris.com.br\/beta\/wp-content\/uploads\/2022\/09\/WhatsApp-Image-2022-09-30-at-15.26.55-300x225.jpeg 300w, https:\/\/radiosolaris.com.br\/beta\/wp-content\/uploads\/2022\/09\/WhatsApp-Image-2022-09-30-at-15.26.55-120x90.jpeg 120w, https:\/\/radiosolaris.com.br\/beta\/wp-content\/uploads\/2022\/09\/WhatsApp-Image-2022-09-30-at-15.26.55-90x68.jpeg 90w, https:\/\/radiosolaris.com.br\/beta\/wp-content\/uploads\/2022\/09\/WhatsApp-Image-2022-09-30-at-15.26.55-560x420.jpeg 560w, https:\/\/radiosolaris.com.br\/beta\/wp-content\/uploads\/2022\/09\/WhatsApp-Image-2022-09-30-at-15.26.55.jpeg 1600w\" ><figcaption>Fotos: luciano pettorini\/grupo solaris<\/figcaption><\/figure>\n<\/figure>\n\n\n\n<p><\/p>\n","protected":false},"excerpt":{"rendered":"<p>Venda de livros, exposi\u00e7\u00f5es, apresenta\u00e7\u00f5es, shows e demais atividades culturais v\u00e3o at\u00e9 16 de outubro A solenidade de abertura da 38\u00b0 edi\u00e7\u00e3o da Feira do Livro de Caxias do Sul&hellip;<\/p>\n","protected":false},"author":19,"featured_media":89296,"comment_status":"closed","ping_status":"closed","sticky":false,"template":"","format":"standard","meta":{"_lmt_disableupdate":"","_lmt_disable":"","footnotes":""},"categories":[14258,1,83],"tags":[148,14259,472,7312,5413,471,283,335],"powerkit_post_featured":[],"class_list":{"0":"post-89287","1":"post","2":"type-post","3":"status-publish","4":"format-standard","5":"has-post-thumbnail","7":"category-cultura","8":"category-geral","9":"category-serra-gaucha","10":"tag-caxias-do-sul","11":"tag-familia-lima","12":"tag-feira-do-livro","13":"tag-livros","14":"tag-praca-dante-alighieri","15":"tag-programacao","16":"tag-serra-gaucha","17":"tag-show"},"modified_by":"Luciano Pettorini","_links":{"self":[{"href":"https:\/\/radiosolaris.com.br\/beta\/wp-json\/wp\/v2\/posts\/89287","targetHints":{"allow":["GET"]}}],"collection":[{"href":"https:\/\/radiosolaris.com.br\/beta\/wp-json\/wp\/v2\/posts"}],"about":[{"href":"https:\/\/radiosolaris.com.br\/beta\/wp-json\/wp\/v2\/types\/post"}],"author":[{"embeddable":true,"href":"https:\/\/radiosolaris.com.br\/beta\/wp-json\/wp\/v2\/users\/19"}],"replies":[{"embeddable":true,"href":"https:\/\/radiosolaris.com.br\/beta\/wp-json\/wp\/v2\/comments?post=89287"}],"version-history":[{"count":0,"href":"https:\/\/radiosolaris.com.br\/beta\/wp-json\/wp\/v2\/posts\/89287\/revisions"}],"wp:featuredmedia":[{"embeddable":true,"href":"https:\/\/radiosolaris.com.br\/beta\/wp-json\/wp\/v2\/media\/89296"}],"wp:attachment":[{"href":"https:\/\/radiosolaris.com.br\/beta\/wp-json\/wp\/v2\/media?parent=89287"}],"wp:term":[{"taxonomy":"category","embeddable":true,"href":"https:\/\/radiosolaris.com.br\/beta\/wp-json\/wp\/v2\/categories?post=89287"},{"taxonomy":"post_tag","embeddable":true,"href":"https:\/\/radiosolaris.com.br\/beta\/wp-json\/wp\/v2\/tags?post=89287"},{"taxonomy":"powerkit_post_featured","embeddable":true,"href":"https:\/\/radiosolaris.com.br\/beta\/wp-json\/wp\/v2\/powerkit_post_featured?post=89287"}],"curies":[{"name":"wp","href":"https:\/\/api.w.org\/{rel}","templated":true}]}}