{"id":89067,"date":"2022-09-29T11:12:38","date_gmt":"2022-09-29T14:12:38","guid":{"rendered":"https:\/\/radiosolaris.com.br\/beta\/?p=89067"},"modified":"2022-09-29T11:12:40","modified_gmt":"2022-09-29T14:12:40","slug":"comandante-nadia-desiste-de-candidatura-ao-senado-pelo-rs","status":"publish","type":"post","link":"https:\/\/radiosolaris.com.br\/beta\/comandante-nadia-desiste-de-candidatura-ao-senado-pelo-rs\/","title":{"rendered":"Comandante N\u00e1dia desiste de candidatura ao Senado pelo RS"},"content":{"rendered":"\n<h4 id=\"a-candidata-deixou-a-disputa-para-pedir-aos-seus-eleitores-que-apoiem-hamilton-mourao\" class=\"wp-block-heading\">A candidata deixou a disputa para pedir aos seus eleitores que apoiem Hamilton Mour\u00e3o <\/h4>\n\n\n\n<p>A candidata ao senado pelo Rio Grande do Sul, comandante N\u00e1dia (Progressistas), anunciou que est\u00e1 renunciando a disputa pelo cargo. O an\u00fancio foi feito na manh\u00e3 desta quinta-feira (29), tr\u00eas dias antes do pleito, durante coletiva de imprensa em um hotel de Porto Alegre.<\/p>\n\n\n\n<p>A ex-comandante da Brigada Militar deixa a disputa para pedir que seus eleitores passem a apoiar Hamilton Mour\u00e3o, ao qual concorre ao senado pelo Republicanos. Mour\u00e3o acompanhou a coletiva ao lado de N\u00e1dia.<\/p>\n\n\n\n<p>O objetivo da renuncia \u00e9 que impe\u00e7a a elei\u00e7\u00e3o de Ol\u00edvio Dutra (PT), que lidera os \u00edndices de inten\u00e7\u00e3o de voto conforme a pesquisa Ipec mais recente. Na ter\u00e7a-feira (27), Mour\u00e3o fez um apelo \u00e0 N\u00e1dia para que ela desistisse da candidatura para apoia-lo, em uma interpreta\u00e7\u00e3o particular do \u201cvoto \u00fatil\u201d.<\/p>\n\n\n\n<p>Segundo pronunciamento da comandante durante coletiva, N\u00e1dia alegou que n\u00e3o quer de forma alguma que a esquerda esteja no Senado. Al\u00e9m disso, a agora ex-candidata apoia Luis Carlos Heinze, ao qual concorre ao governo do Estado.<\/p>\n","protected":false},"excerpt":{"rendered":"<p>A candidata deixou a disputa para pedir aos seus eleitores que apoiem Hamilton Mour\u00e3o A candidata ao senado pelo Rio Grande do Sul, comandante N\u00e1dia (Progressistas), anunciou que est\u00e1 renunciando&hellip;<\/p>\n","protected":false},"author":16,"featured_media":89070,"comment_status":"closed","ping_status":"closed","sticky":false,"template":"","format":"standard","meta":{"_lmt_disableupdate":"","_lmt_disable":"","footnotes":""},"categories":[14192],"tags":[14215,935,10554,138,2878,14217,135,197,102,14216,992,283],"powerkit_post_featured":[],"class_list":{"0":"post-89067","1":"post","2":"type-post","3":"status-publish","4":"format-standard","5":"has-post-thumbnail","7":"category-eleicoes","8":"tag-comandante-nadia","9":"tag-eleicoes","10":"tag-eleicoes-2022","11":"tag-governo","12":"tag-hamilton-mourao","13":"tag-nadia","14":"tag-rio-grande-do-sul","15":"tag-rs","16":"tag-senado","17":"tag-senado-pelo-rs","18":"tag-serra","19":"tag-serra-gaucha"},"modified_by":"Bruna Picinini","_links":{"self":[{"href":"https:\/\/radiosolaris.com.br\/beta\/wp-json\/wp\/v2\/posts\/89067","targetHints":{"allow":["GET"]}}],"collection":[{"href":"https:\/\/radiosolaris.com.br\/beta\/wp-json\/wp\/v2\/posts"}],"about":[{"href":"https:\/\/radiosolaris.com.br\/beta\/wp-json\/wp\/v2\/types\/post"}],"author":[{"embeddable":true,"href":"https:\/\/radiosolaris.com.br\/beta\/wp-json\/wp\/v2\/users\/16"}],"replies":[{"embeddable":true,"href":"https:\/\/radiosolaris.com.br\/beta\/wp-json\/wp\/v2\/comments?post=89067"}],"version-history":[{"count":0,"href":"https:\/\/radiosolaris.com.br\/beta\/wp-json\/wp\/v2\/posts\/89067\/revisions"}],"wp:featuredmedia":[{"embeddable":true,"href":"https:\/\/radiosolaris.com.br\/beta\/wp-json\/wp\/v2\/media\/89070"}],"wp:attachment":[{"href":"https:\/\/radiosolaris.com.br\/beta\/wp-json\/wp\/v2\/media?parent=89067"}],"wp:term":[{"taxonomy":"category","embeddable":true,"href":"https:\/\/radiosolaris.com.br\/beta\/wp-json\/wp\/v2\/categories?post=89067"},{"taxonomy":"post_tag","embeddable":true,"href":"https:\/\/radiosolaris.com.br\/beta\/wp-json\/wp\/v2\/tags?post=89067"},{"taxonomy":"powerkit_post_featured","embeddable":true,"href":"https:\/\/radiosolaris.com.br\/beta\/wp-json\/wp\/v2\/powerkit_post_featured?post=89067"}],"curies":[{"name":"wp","href":"https:\/\/api.w.org\/{rel}","templated":true}]}}