{"id":88705,"date":"2022-09-27T13:47:10","date_gmt":"2022-09-27T16:47:10","guid":{"rendered":"https:\/\/radiosolaris.com.br\/beta\/?p=88705"},"modified":"2022-09-27T14:32:36","modified_gmt":"2022-09-27T17:32:36","slug":"ciclista-morre-atropelado-em-acidente-na-rota-do-sol-em-itati","status":"publish","type":"post","link":"https:\/\/radiosolaris.com.br\/beta\/ciclista-morre-atropelado-em-acidente-na-rota-do-sol-em-itati\/","title":{"rendered":"Ciclista morre atropelado em acidente na Rota do Sol, em Itati"},"content":{"rendered":"\n<h4 id=\"homem-de-66-anos-foi-atingido-por-um-vectra-que-seguia-na-direcao-serra-litoral\" class=\"wp-block-heading\">Homem de 66 anos foi atingido por um Vectra que seguia na dire\u00e7\u00e3o Serra-Litoral<\/h4>\n\n\n\n<p>Um homem de 66 anos morreu, no come\u00e7o da manh\u00e3 desta ter\u00e7a-feira (27), ap\u00f3s ser atropelado no km 25 da ERS-486, em Itati. De acordo com informa\u00e7\u00f5es da pol\u00edcia, o idoso, que andava de bicicleta, foi atingido por um Chevrolet Vectra, que seguia na dire\u00e7\u00e3o Serra-Litoral.<\/p>\n\n\n\n<p>O condutor do carro foi submetido ao teste do baf\u00f4metro, que teve resultado negativo. O Servi\u00e7o de Atendimento M\u00f3vel de Urg\u00eancia (Samu), constatou a morte da v\u00edtima no local. O Comando Rodovi\u00e1rio da Brigada Militar orientou o tr\u00e2nsito at\u00e9 libera\u00e7\u00e3o total da via. &nbsp;<\/p>\n","protected":false},"excerpt":{"rendered":"<p>Homem de 66 anos foi atingido por um Vectra que seguia na dire\u00e7\u00e3o Serra-Litoral Um homem de 66 anos morreu, no come\u00e7o da manh\u00e3 desta ter\u00e7a-feira (27), ap\u00f3s ser atropelado&hellip;<\/p>\n","protected":false},"author":13,"featured_media":33977,"comment_status":"closed","ping_status":"closed","sticky":false,"template":"","format":"standard","meta":{"_lmt_disableupdate":"","_lmt_disable":"","footnotes":""},"categories":[83],"tags":[609,1227,992,283],"powerkit_post_featured":[],"class_list":{"0":"post-88705","1":"post","2":"type-post","3":"status-publish","4":"format-standard","5":"has-post-thumbnail","7":"category-serra-gaucha","8":"tag-atropelamento","9":"tag-rota-do-sol","10":"tag-serra","11":"tag-serra-gaucha"},"modified_by":"Filipe Brogliatto","_links":{"self":[{"href":"https:\/\/radiosolaris.com.br\/beta\/wp-json\/wp\/v2\/posts\/88705","targetHints":{"allow":["GET"]}}],"collection":[{"href":"https:\/\/radiosolaris.com.br\/beta\/wp-json\/wp\/v2\/posts"}],"about":[{"href":"https:\/\/radiosolaris.com.br\/beta\/wp-json\/wp\/v2\/types\/post"}],"author":[{"embeddable":true,"href":"https:\/\/radiosolaris.com.br\/beta\/wp-json\/wp\/v2\/users\/13"}],"replies":[{"embeddable":true,"href":"https:\/\/radiosolaris.com.br\/beta\/wp-json\/wp\/v2\/comments?post=88705"}],"version-history":[{"count":0,"href":"https:\/\/radiosolaris.com.br\/beta\/wp-json\/wp\/v2\/posts\/88705\/revisions"}],"wp:featuredmedia":[{"embeddable":true,"href":"https:\/\/radiosolaris.com.br\/beta\/wp-json\/wp\/v2\/media\/33977"}],"wp:attachment":[{"href":"https:\/\/radiosolaris.com.br\/beta\/wp-json\/wp\/v2\/media?parent=88705"}],"wp:term":[{"taxonomy":"category","embeddable":true,"href":"https:\/\/radiosolaris.com.br\/beta\/wp-json\/wp\/v2\/categories?post=88705"},{"taxonomy":"post_tag","embeddable":true,"href":"https:\/\/radiosolaris.com.br\/beta\/wp-json\/wp\/v2\/tags?post=88705"},{"taxonomy":"powerkit_post_featured","embeddable":true,"href":"https:\/\/radiosolaris.com.br\/beta\/wp-json\/wp\/v2\/powerkit_post_featured?post=88705"}],"curies":[{"name":"wp","href":"https:\/\/api.w.org\/{rel}","templated":true}]}}