{"id":88692,"date":"2022-09-27T09:30:20","date_gmt":"2022-09-27T12:30:20","guid":{"rendered":"https:\/\/radiosolaris.com.br\/beta\/?p=88692"},"modified":"2022-09-27T09:30:22","modified_gmt":"2022-09-27T12:30:22","slug":"homem-e-preso-com-diversas-porcoes-de-drogas-em-caxias","status":"publish","type":"post","link":"https:\/\/radiosolaris.com.br\/beta\/homem-e-preso-com-diversas-porcoes-de-drogas-em-caxias\/","title":{"rendered":"Homem \u00e9 preso com diversas por\u00e7\u00f5es de drogas em Caxias"},"content":{"rendered":"\n<h4 id=\"prisao-aconteceu-na-regiao-conhecida-como-vila-do-cemiterio-no-bairro-euzebio-beltrao-de-queiroz\" class=\"wp-block-heading\">Pris\u00e3o aconteceu na regi\u00e3o conhecida como Vila do Cemit\u00e9rio, no bairro Euz\u00e9bio Beltr\u00e3o de Queir\u00f3z<\/h4>\n\n\n\n<p>Um homem de 39 anos foi preso por tr\u00e1fico de drogas em Caxias do Sul. A pris\u00e3o aconteceu na tarde desta segunda-feira (26), por volta das 17h30min, na regi\u00e3o conhecida como Vila do Cemit\u00e9rio, no bairro Euz\u00e9bio Beltr\u00e3o de Queir\u00f3z.<\/p>\n\n\n\n<p>De acordo com a Brigada Militar, uma guarni\u00e7\u00e3o do Canil do 12\u00b0 BPM fazia patrulhamento de rotina quando visualizou um indiv\u00edduo em atitude suspeita. Na tentativa de abordagem, o homem empreendeu fuga, sendo logo em seguida capturado. Em revista pessoal, os policiais encontraram 75 papelotes de coca\u00edna, 10 pedras de crack, sete por\u00e7\u00f5es de maconha e R$ 144,00 em dinheiro.<\/p>\n\n\n\n<p>O homem foi preso e encaminhado \u00e0 Delegacia do Pol\u00edcia para registro do crime de tr\u00e1fico de entorpecentes.<\/p>\n\n\n\n<figure class=\"wp-block-image size-full\"><img  loading=\"lazy\"  decoding=\"async\"  width=\"1024\"  height=\"768\"  src=\"data:image\/png;base64,iVBORw0KGgoAAAANSUhEUgAABAAAAAMAAQMAAACAdIdOAAAAA1BMVEUAAP+KeNJXAAAAAXRSTlMAQObYZgAAAAlwSFlzAAAOxAAADsQBlSsOGwAAAHZJREFUeNrtwQEBAAAAgiD\/r25IQAEAAAAAAAAAAAAAAAAAAAAAAAAAAAAAAAAAAAAAAAAAAAAAAAAAAAAAAAAAAAAAAAAAAAAAAAAAAAAAAAAAAAAAAAAAAAAAAAAAAAAAAAAAAAAAAAAAAAAAAAAAAAAAAO8Ggw8AAeUA3VQAAAAASUVORK5CYII=\"  alt=\"\"  class=\"wp-image-88693 pk-lazyload\"  data-pk-sizes=\"auto\"  data-ls-sizes=\"auto, (max-width: 1024px) 100vw, 1024px\"  data-pk-src=\"https:\/\/radiosolaris.com.br\/beta\/wp-content\/uploads\/2022\/09\/whatsapp-image-20220926-at-210631-1.jpeg\"  data-pk-srcset=\"https:\/\/radiosolaris.com.br\/beta\/wp-content\/uploads\/2022\/09\/whatsapp-image-20220926-at-210631-1.jpeg 1024w, https:\/\/radiosolaris.com.br\/beta\/wp-content\/uploads\/2022\/09\/whatsapp-image-20220926-at-210631-1-300x225.jpeg 300w, https:\/\/radiosolaris.com.br\/beta\/wp-content\/uploads\/2022\/09\/whatsapp-image-20220926-at-210631-1-768x576.jpeg 768w, https:\/\/radiosolaris.com.br\/beta\/wp-content\/uploads\/2022\/09\/whatsapp-image-20220926-at-210631-1-800x600.jpeg 800w\" ><figcaption>Foto: Brigada Militar<\/figcaption><\/figure>\n\n\n\n<p><\/p>\n","protected":false},"excerpt":{"rendered":"<p>Pris\u00e3o aconteceu na regi\u00e3o conhecida como Vila do Cemit\u00e9rio, no bairro Euz\u00e9bio Beltr\u00e3o de Queir\u00f3z Um homem de 39 anos foi preso por tr\u00e1fico de drogas em Caxias do Sul.&hellip;<\/p>\n","protected":false},"author":19,"featured_media":88693,"comment_status":"closed","ping_status":"closed","sticky":false,"template":"","format":"standard","meta":{"_lmt_disableupdate":"","_lmt_disable":"","footnotes":""},"categories":[83],"tags":[14154,247,148,513,283,201,14153],"powerkit_post_featured":[],"class_list":{"0":"post-88692","1":"post","2":"type-post","3":"status-publish","4":"format-standard","5":"has-post-thumbnail","7":"category-serra-gaucha","8":"tag-bairro-euzebio-beltrao-de-queiroz","9":"tag-brigada-militar","10":"tag-caxias-do-sul","11":"tag-drogas","12":"tag-serra-gaucha","13":"tag-trafico","14":"tag-vila-do-cemierio"},"modified_by":"Luciano Pettorini","_links":{"self":[{"href":"https:\/\/radiosolaris.com.br\/beta\/wp-json\/wp\/v2\/posts\/88692","targetHints":{"allow":["GET"]}}],"collection":[{"href":"https:\/\/radiosolaris.com.br\/beta\/wp-json\/wp\/v2\/posts"}],"about":[{"href":"https:\/\/radiosolaris.com.br\/beta\/wp-json\/wp\/v2\/types\/post"}],"author":[{"embeddable":true,"href":"https:\/\/radiosolaris.com.br\/beta\/wp-json\/wp\/v2\/users\/19"}],"replies":[{"embeddable":true,"href":"https:\/\/radiosolaris.com.br\/beta\/wp-json\/wp\/v2\/comments?post=88692"}],"version-history":[{"count":0,"href":"https:\/\/radiosolaris.com.br\/beta\/wp-json\/wp\/v2\/posts\/88692\/revisions"}],"wp:featuredmedia":[{"embeddable":true,"href":"https:\/\/radiosolaris.com.br\/beta\/wp-json\/wp\/v2\/media\/88693"}],"wp:attachment":[{"href":"https:\/\/radiosolaris.com.br\/beta\/wp-json\/wp\/v2\/media?parent=88692"}],"wp:term":[{"taxonomy":"category","embeddable":true,"href":"https:\/\/radiosolaris.com.br\/beta\/wp-json\/wp\/v2\/categories?post=88692"},{"taxonomy":"post_tag","embeddable":true,"href":"https:\/\/radiosolaris.com.br\/beta\/wp-json\/wp\/v2\/tags?post=88692"},{"taxonomy":"powerkit_post_featured","embeddable":true,"href":"https:\/\/radiosolaris.com.br\/beta\/wp-json\/wp\/v2\/powerkit_post_featured?post=88692"}],"curies":[{"name":"wp","href":"https:\/\/api.w.org\/{rel}","templated":true}]}}