{"id":88676,"date":"2022-09-27T07:57:24","date_gmt":"2022-09-27T10:57:24","guid":{"rendered":"https:\/\/radiosolaris.com.br\/beta\/?p=88676"},"modified":"2022-09-27T07:57:26","modified_gmt":"2022-09-27T10:57:26","slug":"acidente-no-acesso-da-perimetral-norte-com-a-br-116-em-caxias-do-sul-deixa-tres-feridos","status":"publish","type":"post","link":"https:\/\/radiosolaris.com.br\/beta\/acidente-no-acesso-da-perimetral-norte-com-a-br-116-em-caxias-do-sul-deixa-tres-feridos\/","title":{"rendered":"Acidente no acesso da Perimetral Norte com a BR-116 em Caxias do Sul deixa tr\u00eas feridos"},"content":{"rendered":"\n<h4 id=\"colisao-envolveu-um-fiat-palio-e-um-fiat-siena-transito-ficou-parcialmente-bloqueado\" class=\"wp-block-heading\">Colis\u00e3o envolveu um Fiat P\u00e1lio e um Fiat Siena. Tr\u00e2nsito ficou parcialmente bloqueado<\/h4>\n\n\n\n<p>Um acidente de tr\u00e2nsito envolvendo uma Fiat P\u00e1lio e um Fiat Siena deixou tr\u00eas pessoas feridas em Caxias do Sul. O acidente aconteceu no acesso da Perimetral Norte com a BR-116, por volta das 22h desta segunda-feira (26).<\/p>\n\n\n\n<p>Dois ocupantes do P\u00e1lio e um ocupante do Siena foram encaminhados ao hospital para atendimento m\u00e9dico. O tr\u00e2nsito ficou parcialmente interrompido. A Pol\u00edcia Rodovi\u00e1ria Federal esteve no local atendendo a ocorr\u00eancia.<\/p>\n\n\n\n<p><\/p>\n","protected":false},"excerpt":{"rendered":"<p>Colis\u00e3o envolveu um Fiat P\u00e1lio e um Fiat Siena. Tr\u00e2nsito ficou parcialmente bloqueado Um acidente de tr\u00e2nsito envolvendo uma Fiat P\u00e1lio e um Fiat Siena deixou tr\u00eas pessoas feridas em&hellip;<\/p>\n","protected":false},"author":19,"featured_media":20645,"comment_status":"closed","ping_status":"closed","sticky":false,"template":"","format":"standard","meta":{"_lmt_disableupdate":"","_lmt_disable":"","footnotes":""},"categories":[83],"tags":[307,1015,148,10709,301,283],"powerkit_post_featured":[],"class_list":{"0":"post-88676","1":"post","2":"type-post","3":"status-publish","4":"format-standard","5":"has-post-thumbnail","7":"category-serra-gaucha","8":"tag-acidente","9":"tag-br-116","10":"tag-caxias-do-sul","11":"tag-perimetral-norte","12":"tag-prf","13":"tag-serra-gaucha"},"modified_by":"Luciano Pettorini","_links":{"self":[{"href":"https:\/\/radiosolaris.com.br\/beta\/wp-json\/wp\/v2\/posts\/88676","targetHints":{"allow":["GET"]}}],"collection":[{"href":"https:\/\/radiosolaris.com.br\/beta\/wp-json\/wp\/v2\/posts"}],"about":[{"href":"https:\/\/radiosolaris.com.br\/beta\/wp-json\/wp\/v2\/types\/post"}],"author":[{"embeddable":true,"href":"https:\/\/radiosolaris.com.br\/beta\/wp-json\/wp\/v2\/users\/19"}],"replies":[{"embeddable":true,"href":"https:\/\/radiosolaris.com.br\/beta\/wp-json\/wp\/v2\/comments?post=88676"}],"version-history":[{"count":0,"href":"https:\/\/radiosolaris.com.br\/beta\/wp-json\/wp\/v2\/posts\/88676\/revisions"}],"wp:featuredmedia":[{"embeddable":true,"href":"https:\/\/radiosolaris.com.br\/beta\/wp-json\/wp\/v2\/media\/20645"}],"wp:attachment":[{"href":"https:\/\/radiosolaris.com.br\/beta\/wp-json\/wp\/v2\/media?parent=88676"}],"wp:term":[{"taxonomy":"category","embeddable":true,"href":"https:\/\/radiosolaris.com.br\/beta\/wp-json\/wp\/v2\/categories?post=88676"},{"taxonomy":"post_tag","embeddable":true,"href":"https:\/\/radiosolaris.com.br\/beta\/wp-json\/wp\/v2\/tags?post=88676"},{"taxonomy":"powerkit_post_featured","embeddable":true,"href":"https:\/\/radiosolaris.com.br\/beta\/wp-json\/wp\/v2\/powerkit_post_featured?post=88676"}],"curies":[{"name":"wp","href":"https:\/\/api.w.org\/{rel}","templated":true}]}}