{"id":88670,"date":"2022-09-27T07:33:14","date_gmt":"2022-09-27T10:33:14","guid":{"rendered":"https:\/\/radiosolaris.com.br\/beta\/?p=88670"},"modified":"2022-09-27T07:33:18","modified_gmt":"2022-09-27T10:33:18","slug":"ser-antonio-prado-devolve-dinheiro-a-prefeitura-apos-fim-da-temporada-2022","status":"publish","type":"post","link":"https:\/\/radiosolaris.com.br\/beta\/ser-antonio-prado-devolve-dinheiro-a-prefeitura-apos-fim-da-temporada-2022\/","title":{"rendered":"SER Ant\u00f4nio Prado devolve dinheiro a prefeitura ap\u00f3s fim da temporada 2022"},"content":{"rendered":"\n<h4 id=\"dinheiro-auxilia-principalmente-a-equipe-com-transportes-e-alimentacao-nos-jogos-em-outros-municipios\" class=\"wp-block-heading\">Dinheiro auxilia principalmente a equipe com transportes e alimenta\u00e7\u00e3o nos jogos em outros munic\u00edpios<\/h4>\n\n\n\n<p>O Projeto Social SER Ant\u00f4nio Prado, devolveu ao munic\u00edpio parte da verba disponibilizada para a equipe no ano de 2022, devido a equipe n\u00e3o ter mais competi\u00e7\u00f5es durante o ano. Sempre ao final da temporada a equipe faz sua presta\u00e7\u00e3o de contas e o valor n\u00e3o utilizado \u00e9 devolvido.<\/p>\n\n\n\n<p>O montante foi de R$ 1.967,60, entregue nesta segunda-feira(26) a tesouraria da prefeitura.<\/p>\n\n\n\n<p>O projeto se sustenta com o aux\u00edlio de patrocinadores e a ajuda do poder p\u00fablico auxilia especialmente nas despesas de viagens para outros munic\u00edpios.<\/p>\n\n\n\n<p>A equipe agradeceu em suas redes sociais o apoio da administra\u00e7\u00e3o e a comunidade.<\/p>\n\n\n\n<p>Imagem: SER Ant\u00f4nio Prado no desfile c\u00edvico <\/p>\n","protected":false},"excerpt":{"rendered":"<p>Dinheiro auxilia principalmente a equipe com transportes e alimenta\u00e7\u00e3o nos jogos em outros munic\u00edpios O Projeto Social SER Ant\u00f4nio Prado, devolveu ao munic\u00edpio parte da verba disponibilizada para a equipe&hellip;<\/p>\n","protected":false},"author":20,"featured_media":88671,"comment_status":"closed","ping_status":"closed","sticky":false,"template":"","format":"standard","meta":{"_lmt_disableupdate":"","_lmt_disable":"","footnotes":""},"categories":[1],"tags":[143,154,492],"powerkit_post_featured":[],"class_list":{"0":"post-88670","1":"post","2":"type-post","3":"status-publish","4":"format-standard","5":"has-post-thumbnail","7":"category-geral","8":"tag-antonio-prado","9":"tag-prefeitura","10":"tag-ser-antonio-prado"},"modified_by":"Gustavo Zanotto","_links":{"self":[{"href":"https:\/\/radiosolaris.com.br\/beta\/wp-json\/wp\/v2\/posts\/88670","targetHints":{"allow":["GET"]}}],"collection":[{"href":"https:\/\/radiosolaris.com.br\/beta\/wp-json\/wp\/v2\/posts"}],"about":[{"href":"https:\/\/radiosolaris.com.br\/beta\/wp-json\/wp\/v2\/types\/post"}],"author":[{"embeddable":true,"href":"https:\/\/radiosolaris.com.br\/beta\/wp-json\/wp\/v2\/users\/20"}],"replies":[{"embeddable":true,"href":"https:\/\/radiosolaris.com.br\/beta\/wp-json\/wp\/v2\/comments?post=88670"}],"version-history":[{"count":0,"href":"https:\/\/radiosolaris.com.br\/beta\/wp-json\/wp\/v2\/posts\/88670\/revisions"}],"wp:featuredmedia":[{"embeddable":true,"href":"https:\/\/radiosolaris.com.br\/beta\/wp-json\/wp\/v2\/media\/88671"}],"wp:attachment":[{"href":"https:\/\/radiosolaris.com.br\/beta\/wp-json\/wp\/v2\/media?parent=88670"}],"wp:term":[{"taxonomy":"category","embeddable":true,"href":"https:\/\/radiosolaris.com.br\/beta\/wp-json\/wp\/v2\/categories?post=88670"},{"taxonomy":"post_tag","embeddable":true,"href":"https:\/\/radiosolaris.com.br\/beta\/wp-json\/wp\/v2\/tags?post=88670"},{"taxonomy":"powerkit_post_featured","embeddable":true,"href":"https:\/\/radiosolaris.com.br\/beta\/wp-json\/wp\/v2\/powerkit_post_featured?post=88670"}],"curies":[{"name":"wp","href":"https:\/\/api.w.org\/{rel}","templated":true}]}}