{"id":88596,"date":"2022-09-26T08:34:19","date_gmt":"2022-09-26T11:34:19","guid":{"rendered":"https:\/\/radiosolaris.com.br\/beta\/?p=88596"},"modified":"2022-09-26T08:34:22","modified_gmt":"2022-09-26T11:34:22","slug":"briga-em-santa-lucia-do-piai-interior-de-caxias-termina-com-um-morto-e-tres-feridos","status":"publish","type":"post","link":"https:\/\/radiosolaris.com.br\/beta\/briga-em-santa-lucia-do-piai-interior-de-caxias-termina-com-um-morto-e-tres-feridos\/","title":{"rendered":"Briga em Santa L\u00facia do Pia\u00ed, interior de Caxias, termina com um morto e tr\u00eas feridos"},"content":{"rendered":"\n<h4 id=\"de-acordo-com-informacoes-a-morte-e-os-ferimentos-foram-causados-por-tiros-e-golpes-de-facao\" class=\"wp-block-heading\">De acordo com informa\u00e7\u00f5es, a morte e os ferimentos foram causados por tiros e golpes de fac\u00e3o<\/h4>\n\n\n\n<p>Uma briga registrada em Santa L\u00facia do Pia\u00ed, comunidade do interior de Caxias do Sul, resultou em uma morte e tr\u00eas feridos. O fato foi registrado na noite deste domingo (25).<\/p>\n\n\n\n<p>De acordo com informa\u00e7\u00f5es, a briga, desfecho de uma desaven\u00e7a antiga, ocorreu nas proximidades do Clube Botafogo. A v\u00edtima fatal, identificada como Josemar do Amaral, de 34 anos, teria sido surpreendida por indiv\u00edduos quando saia de um estabelecimento comercial.<\/p>\n\n\n\n<p>Amaral foi atingido por disparos de arma de fogo e golpes de fac\u00e3o. O filho de Amaral, um adolescente de 16 anos, foi atingido por golpe de fac\u00e3o, mas conseguiu fugir do local.<\/p>\n\n\n\n<p>Dois envolvidos na briga, que tamb\u00e9m ficaram feridos, foram presos pela brigada Militar.<\/p>\n\n\n\n<p><\/p>\n","protected":false},"excerpt":{"rendered":"<p>De acordo com informa\u00e7\u00f5es, a morte e os ferimentos foram causados por tiros e golpes de fac\u00e3o Uma briga registrada em Santa L\u00facia do Pia\u00ed, comunidade do interior de Caxias&hellip;<\/p>\n","protected":false},"author":19,"featured_media":84830,"comment_status":"closed","ping_status":"closed","sticky":false,"template":"","format":"standard","meta":{"_lmt_disableupdate":"","_lmt_disable":"","footnotes":""},"categories":[83],"tags":[2801,148,14082,14083,222,2468,283,10196],"powerkit_post_featured":[],"class_list":{"0":"post-88596","1":"post","2":"type-post","3":"status-publish","4":"format-standard","5":"has-post-thumbnail","7":"category-serra-gaucha","8":"tag-briga","9":"tag-caxias-do-sul","10":"tag-ferimentos","11":"tag-golpe-de-facao","12":"tag-morte","13":"tag-santa-lucia-do-piai","14":"tag-serra-gaucha","15":"tag-tiro"},"modified_by":"Luciano Pettorini","_links":{"self":[{"href":"https:\/\/radiosolaris.com.br\/beta\/wp-json\/wp\/v2\/posts\/88596","targetHints":{"allow":["GET"]}}],"collection":[{"href":"https:\/\/radiosolaris.com.br\/beta\/wp-json\/wp\/v2\/posts"}],"about":[{"href":"https:\/\/radiosolaris.com.br\/beta\/wp-json\/wp\/v2\/types\/post"}],"author":[{"embeddable":true,"href":"https:\/\/radiosolaris.com.br\/beta\/wp-json\/wp\/v2\/users\/19"}],"replies":[{"embeddable":true,"href":"https:\/\/radiosolaris.com.br\/beta\/wp-json\/wp\/v2\/comments?post=88596"}],"version-history":[{"count":0,"href":"https:\/\/radiosolaris.com.br\/beta\/wp-json\/wp\/v2\/posts\/88596\/revisions"}],"wp:featuredmedia":[{"embeddable":true,"href":"https:\/\/radiosolaris.com.br\/beta\/wp-json\/wp\/v2\/media\/84830"}],"wp:attachment":[{"href":"https:\/\/radiosolaris.com.br\/beta\/wp-json\/wp\/v2\/media?parent=88596"}],"wp:term":[{"taxonomy":"category","embeddable":true,"href":"https:\/\/radiosolaris.com.br\/beta\/wp-json\/wp\/v2\/categories?post=88596"},{"taxonomy":"post_tag","embeddable":true,"href":"https:\/\/radiosolaris.com.br\/beta\/wp-json\/wp\/v2\/tags?post=88596"},{"taxonomy":"powerkit_post_featured","embeddable":true,"href":"https:\/\/radiosolaris.com.br\/beta\/wp-json\/wp\/v2\/powerkit_post_featured?post=88596"}],"curies":[{"name":"wp","href":"https:\/\/api.w.org\/{rel}","templated":true}]}}