{"id":88576,"date":"2022-09-25T15:44:19","date_gmt":"2022-09-25T18:44:19","guid":{"rendered":"https:\/\/radiosolaris.com.br\/beta\/?p=88576"},"modified":"2022-09-25T15:44:21","modified_gmt":"2022-09-25T18:44:21","slug":"acidente-em-vila-seca-na-rota-do-sol-deixa-quatro-pessoas-feridas","status":"publish","type":"post","link":"https:\/\/radiosolaris.com.br\/beta\/acidente-em-vila-seca-na-rota-do-sol-deixa-quatro-pessoas-feridas\/","title":{"rendered":"Acidente em Vila Seca, na Rota do Sol, deixa quatro pessoas feridas"},"content":{"rendered":"\n<h4 id=\"a-colisao-entre-um-chevrolet-celta-e-uma-carreta-aconteceu-no-inicio-da-tarde-deste-sabado-24\" class=\"wp-block-heading\">A colis\u00e3o entre um Chevrolet Celta e uma carreta aconteceu no in\u00edcio da tarde deste s\u00e1bado (24)<\/h4>\n\n\n\n<p>Quatro pessoas ficaram feridas em um acidente na RSC-453, em Vila Seca, neste s\u00e1bado (24). A colis\u00e3o envolvendo um Chevrolet Celta e uma carreta Volvo aconteceu por volta das 13h no km 165 da rodovia, popularmente conhecida como Rota do Sol.<\/p>\n\n\n\n<p>Segundo o Comando Rodovi\u00e1rio da Brigada Militar (CRBM), um homem e tr\u00eas mulheres, todos ocupantes do celta, ficaram feridos ap\u00f3s colidirem contra a carreta. O motorista da carreta n\u00e3o sofreu ferimentos. Com o impacto da batida, ambos os ve\u00edculos foram parar no acostamento da via.<\/p>\n\n\n\n<p>Uma ambul\u00e2ncia do Servi\u00e7o de Atendimento M\u00f3vel de Urg\u00eancia (Samu) foi acionada e encaminhou os ocupantes que estavam no carro para um hospital de Caxias do Sul. A causa do acidente e o sentido que os ve\u00edculos trafegavam n\u00e3o foram divulgados.<\/p>\n\n\n\n<figure class=\"wp-block-gallery has-nested-images columns-default is-cropped wp-block-gallery-1 is-layout-flex wp-block-gallery-is-layout-flex\">\n<figure class=\"wp-block-image size-large\"><img  decoding=\"async\"  data-id=\"88577\"  src=\"data:image\/png;base64,iVBORw0KGgoAAAANSUhEUgAABIgAAANmAQMAAACrCyL8AAAAA1BMVEUAAP+KeNJXAAAAAXRSTlMAQObYZgAAAAlwSFlzAAAOxAAADsQBlSsOGwAAAJJJREFUeNrtwTEBAAAAwqD1T20JT6AAAAAAAAAAAAAAAAAAAAAAAAAAAAAAAAAAAAAAAAAAAAAAAAAAAAAAAAAAAAAAAAAAAAAAAAAAAAAAAAAAAAAAAAAAAAAAAAAAAAAAAAAAAAAAAAAAAAAAAAAAAAAAAAAAAAAAAAAAAAAAAAAAAAAAAAAAAAAAAAAAAAD+BvA7AAGTZkFsAAAAAElFTkSuQmCC\"  alt=\"\"  class=\"wp-image-88577 pk-lazyload\"  data-pk-sizes=\"auto\"  data-pk-src=\"https:\/\/radiosolaris.com.br\/beta\/wp-content\/uploads\/2022\/09\/Acidente-em-Vila-Seca-na-Rota-do-Sol-deixa-quatro-pessoas-feridas-1024x768.jpg\" ><figcaption>Foto: Redes Sociais\/ Divulga\u00e7\u00e3o<\/figcaption><\/figure>\n<\/figure>\n","protected":false},"excerpt":{"rendered":"<p>A colis\u00e3o entre um Chevrolet Celta e uma carreta aconteceu no in\u00edcio da tarde deste s\u00e1bado (24) Quatro pessoas ficaram feridas em um acidente na RSC-453, em Vila Seca, neste&hellip;<\/p>\n","protected":false},"author":16,"featured_media":88577,"comment_status":"closed","ping_status":"closed","sticky":false,"template":"","format":"standard","meta":{"_lmt_disableupdate":"","_lmt_disable":"","footnotes":""},"categories":[83],"tags":[8796,307,6552,9394,148,1227,14071,992,283,14072],"powerkit_post_featured":[],"class_list":{"0":"post-88576","1":"post","2":"type-post","3":"status-publish","4":"format-standard","5":"has-post-thumbnail","7":"category-serra-gaucha","8":"tag-8796","9":"tag-acidente","10":"tag-acidente-de-transito","11":"tag-acidente-na-rota-do-sol","12":"tag-caxias-do-sul","13":"tag-rota-do-sol","14":"tag-rsc-453-2","15":"tag-serra","16":"tag-serra-gaucha","17":"tag-vola-seca"},"modified_by":"Bruna Picinini","_links":{"self":[{"href":"https:\/\/radiosolaris.com.br\/beta\/wp-json\/wp\/v2\/posts\/88576","targetHints":{"allow":["GET"]}}],"collection":[{"href":"https:\/\/radiosolaris.com.br\/beta\/wp-json\/wp\/v2\/posts"}],"about":[{"href":"https:\/\/radiosolaris.com.br\/beta\/wp-json\/wp\/v2\/types\/post"}],"author":[{"embeddable":true,"href":"https:\/\/radiosolaris.com.br\/beta\/wp-json\/wp\/v2\/users\/16"}],"replies":[{"embeddable":true,"href":"https:\/\/radiosolaris.com.br\/beta\/wp-json\/wp\/v2\/comments?post=88576"}],"version-history":[{"count":0,"href":"https:\/\/radiosolaris.com.br\/beta\/wp-json\/wp\/v2\/posts\/88576\/revisions"}],"wp:featuredmedia":[{"embeddable":true,"href":"https:\/\/radiosolaris.com.br\/beta\/wp-json\/wp\/v2\/media\/88577"}],"wp:attachment":[{"href":"https:\/\/radiosolaris.com.br\/beta\/wp-json\/wp\/v2\/media?parent=88576"}],"wp:term":[{"taxonomy":"category","embeddable":true,"href":"https:\/\/radiosolaris.com.br\/beta\/wp-json\/wp\/v2\/categories?post=88576"},{"taxonomy":"post_tag","embeddable":true,"href":"https:\/\/radiosolaris.com.br\/beta\/wp-json\/wp\/v2\/tags?post=88576"},{"taxonomy":"powerkit_post_featured","embeddable":true,"href":"https:\/\/radiosolaris.com.br\/beta\/wp-json\/wp\/v2\/powerkit_post_featured?post=88576"}],"curies":[{"name":"wp","href":"https:\/\/api.w.org\/{rel}","templated":true}]}}