{"id":88556,"date":"2022-09-24T11:14:34","date_gmt":"2022-09-24T14:14:34","guid":{"rendered":"https:\/\/radiosolaris.com.br\/beta\/?p=88556"},"modified":"2022-09-24T11:14:41","modified_gmt":"2022-09-24T14:14:41","slug":"idosa-tem-carteira-furtada-no-centro-de-flores-da-cunha","status":"publish","type":"post","link":"https:\/\/radiosolaris.com.br\/beta\/idosa-tem-carteira-furtada-no-centro-de-flores-da-cunha\/","title":{"rendered":"Idosa tem carteira furtada no centro de Flores da Cunha"},"content":{"rendered":"\n<h4 id=\"a-senhora-de-81-anos-estava-saindo-do-mercado-quando-o-individuo-roubou-seus-pertences\" class=\"wp-block-heading\">A senhora de 81 anos estava saindo do mercado quando o indiv\u00edduo roubou seus pertences<\/h4>\n\n\n\n<p>Uma idosa de 81 anos teve sua carteira com documentos e dinheiro furtada nesta sexta-feira (23), no centro de Flores da Cunha. O fato foi registrado quando a senhora saia de um mercado, por volta das 16h.<\/p>\n\n\n\n<p>Segundo relato da v\u00edtima, ao sair do estabelecimento, foi surpreendida por um rapaz de estatura m\u00e9dia, casaco preto, que furtou sua carteira e saiu correndo.<\/p>\n\n\n\n<p>A Brigada Militar (BM) foi acionada, efetuou buscas na regi\u00e3o, mas n\u00e3o localizou o indiv\u00edduo. Foi confeccionado um Boletim de Ocorr\u00eancia (BO) por furto simples.<\/p>\n","protected":false},"excerpt":{"rendered":"<p>A senhora de 81 anos estava saindo do mercado quando o indiv\u00edduo roubou seus pertences Uma idosa de 81 anos teve sua carteira com documentos e dinheiro furtada nesta sexta-feira&hellip;<\/p>\n","protected":false},"author":16,"featured_media":84826,"comment_status":"closed","ping_status":"closed","sticky":false,"template":"","format":"standard","meta":{"_lmt_disableupdate":"","_lmt_disable":"","footnotes":""},"categories":[83],"tags":[247,5644,158,114,10867,3223,14062,992,283],"powerkit_post_featured":[],"class_list":{"0":"post-88556","1":"post","2":"type-post","3":"status-publish","4":"format-standard","5":"has-post-thumbnail","7":"category-serra-gaucha","8":"tag-brigada-militar","9":"tag-centro-de-flores-da-cunha","10":"tag-crime","11":"tag-flores-da-cunha","12":"tag-furto-simples","13":"tag-idosa","14":"tag-idosa-tem-carteira-furtada-em-flores-da-cunha","15":"tag-serra","16":"tag-serra-gaucha"},"modified_by":"Bruna Picinini","_links":{"self":[{"href":"https:\/\/radiosolaris.com.br\/beta\/wp-json\/wp\/v2\/posts\/88556","targetHints":{"allow":["GET"]}}],"collection":[{"href":"https:\/\/radiosolaris.com.br\/beta\/wp-json\/wp\/v2\/posts"}],"about":[{"href":"https:\/\/radiosolaris.com.br\/beta\/wp-json\/wp\/v2\/types\/post"}],"author":[{"embeddable":true,"href":"https:\/\/radiosolaris.com.br\/beta\/wp-json\/wp\/v2\/users\/16"}],"replies":[{"embeddable":true,"href":"https:\/\/radiosolaris.com.br\/beta\/wp-json\/wp\/v2\/comments?post=88556"}],"version-history":[{"count":0,"href":"https:\/\/radiosolaris.com.br\/beta\/wp-json\/wp\/v2\/posts\/88556\/revisions"}],"wp:featuredmedia":[{"embeddable":true,"href":"https:\/\/radiosolaris.com.br\/beta\/wp-json\/wp\/v2\/media\/84826"}],"wp:attachment":[{"href":"https:\/\/radiosolaris.com.br\/beta\/wp-json\/wp\/v2\/media?parent=88556"}],"wp:term":[{"taxonomy":"category","embeddable":true,"href":"https:\/\/radiosolaris.com.br\/beta\/wp-json\/wp\/v2\/categories?post=88556"},{"taxonomy":"post_tag","embeddable":true,"href":"https:\/\/radiosolaris.com.br\/beta\/wp-json\/wp\/v2\/tags?post=88556"},{"taxonomy":"powerkit_post_featured","embeddable":true,"href":"https:\/\/radiosolaris.com.br\/beta\/wp-json\/wp\/v2\/powerkit_post_featured?post=88556"}],"curies":[{"name":"wp","href":"https:\/\/api.w.org\/{rel}","templated":true}]}}