{"id":88547,"date":"2022-09-23T17:08:58","date_gmt":"2022-09-23T20:08:58","guid":{"rendered":"https:\/\/radiosolaris.com.br\/beta\/?p=88547"},"modified":"2022-09-23T17:09:16","modified_gmt":"2022-09-23T20:09:16","slug":"feira-ecologica-recebe-comunidade-com-acao-de-boas-vindas-a-primavera","status":"publish","type":"post","link":"https:\/\/radiosolaris.com.br\/beta\/feira-ecologica-recebe-comunidade-com-acao-de-boas-vindas-a-primavera\/","title":{"rendered":"Feira Ecol\u00f3gica de Caxias do Sul recebe comunidade com a\u00e7\u00e3o de boas-vindas \u00e0 primavera"},"content":{"rendered":"\n<p><strong>Agricultores celebram a chegada da nova esta\u00e7\u00e3o neste s\u00e1bado (24), das 8h30min \u00e0s 10h30min, na Pra\u00e7a das Feiras, no bairro S\u00e3o Pelegrino<\/strong><\/p>\n\n\n\n<p>Nesta quinta-feira (22), come\u00e7a a primavera. Para celebrar a chegada da nova esta\u00e7\u00e3o, os agricultores da Feira Ecol\u00f3gica de Caxias do Sul organizam uma a\u00e7\u00e3o especial, durante a feira de s\u00e1bado (24), na Pra\u00e7a das Feiras, no bairro S\u00e3o Pelegrino. Pela manh\u00e3, das 8h30min \u00e0s 10h30min, haver\u00e1 distribui\u00e7\u00e3o de mudas de hortali\u00e7as e temperos. O evento \u00e9 realizado em parceria com a empresa Viveiros Piccoli, de Farroupilha, a Escola Fam\u00edlia Agr\u00edcola da Serra Ga\u00facha (EFASERRA), de Caxias do Sul, e a Prefeitura de Caxias do Sul, por meio das Secretarias da Agricultura e do Meio Ambiente.<\/p>\n\n\n\n<p>Na agroecologia, os cultivos est\u00e3o conectados com o ritmo da natureza. \u201cOs agricultores que cultivam em regi\u00f5es de clima temperado, como o nosso, esperam ansiosos a chegada da primavera\u201d, destaca a agricultora da Feira Ecol\u00f3gica, Andrea Basso. \u201cO aumento da incid\u00eancia da luz solar e de sua intensidade aquecem a terra e propiciam o germinar das sementes. Acontece uma verdadeira explos\u00e3o de vida, tudo germinando ao mesmo tempo, as sementes que plantamos e as que fazem parte do banco de sementes da terra. Todas crescendo rapidamente devido as condi\u00e7\u00f5es favor\u00e1veis\u201d, explica.<\/p>\n\n\n\n<p><strong>Mudas para a comunidade<\/strong><\/p>\n\n\n\n<p>A atividade ser\u00e1 realizada das 8h30min \u00e0s 10h30min (a Feira come\u00e7a \u00e0s 6h30min e segue at\u00e9 11h30min). As mudas de hortali\u00e7as ser\u00e3o distribu\u00eddas \u00e0 comunidade com apoio da Viveiros Piccoli, da localidade de S\u00e3o Jo\u00e3o, interior de Farroupilha, que fornece as mudas ecol\u00f3gicas aos agricultores da Feira Ecol\u00f3gica de Caxias do Sul. Das cerca de 10 mil bandejas mensais de mudas produzidas pela empresa, 35% s\u00e3o produ\u00e7\u00e3o ecol\u00f3gica.<\/p>\n\n\n\n<p>A empresa Viveiros Piccoli atua no ramo h\u00e1 27 anos e, na primavera, segundo o propriet\u00e1rio Itacir Piccoli, a produ\u00e7\u00e3o de mudas aumenta. \u201cNesta \u00e9poca do ano, a procura \u00e9 maior para tipos de folhosas, repolho, couve-flor, alho, cebola, piment\u00e3o, pepino, berinjela, tomate e ab\u00f3bora\u201d, observa Itacir. Ele administra o cultivo de mudas de hortali\u00e7as, temperos e flores em tr\u00eas estufas, que ocupam um espa\u00e7o de 3 mil metros quadrados, juntamente com a esposa L\u00eddia e os dois filhos, Leonardo e Nicolas. S\u00e3o semeadas aproximadamente 100 variedades de oler\u00edcolas, comercializadas a agricultores e estabelecimentos de 20 munic\u00edpios da regi\u00e3o.<\/p>\n\n\n\n<p>As Secretarias da Agricultura e do Meio Ambiente de Caxias do Sul, tamb\u00e9m apoiam a Feira Ecol\u00f3gica no evento deste s\u00e1bado.<\/p>\n\n\n\n<p><strong>Orienta\u00e7\u00f5es<\/strong><br>A a\u00e7\u00e3o de boas-vindas \u00e0 primavera contar\u00e1 com a presen\u00e7a de professores e estudantes da EFASERRA, localizada no interior de Caxias do Sul. Eles receber\u00e3o a comunidade e orientar\u00e3o os visitantes da Feira sobre formas de cultivo na primavera. \u201cVamos dar sugest\u00f5es de como cultivar em espa\u00e7os urbanos\u201d, adianta a professora e agr\u00f4noma, Helo\u00edsa Camello.<\/p>\n\n\n\n<p>cr\u00e9dito foto: Rosa Ana Bisinella<\/p>\n","protected":false},"excerpt":{"rendered":"<p>Agricultores celebram a chegada da nova esta\u00e7\u00e3o neste s\u00e1bado (24), das 8h30min \u00e0s 10h30min, na Pra\u00e7a das Feiras, no bairro S\u00e3o Pelegrino Nesta quinta-feira (22), come\u00e7a a primavera. Para celebrar&hellip;<\/p>\n","protected":false},"author":1,"featured_media":88548,"comment_status":"closed","ping_status":"closed","sticky":false,"template":"","format":"standard","meta":{"_lmt_disableupdate":"","_lmt_disable":"","footnotes":""},"categories":[86,93],"tags":[14061,1621,116],"powerkit_post_featured":[],"class_list":{"0":"post-88547","1":"post","2":"type-post","3":"status-publish","4":"format-standard","5":"has-post-thumbnail","7":"category-entretenimento","8":"category-noticias-rs","9":"tag-boas-vindas","10":"tag-feira-ecologica","11":"tag-ipe"},"modified_by":null,"_links":{"self":[{"href":"https:\/\/radiosolaris.com.br\/beta\/wp-json\/wp\/v2\/posts\/88547","targetHints":{"allow":["GET"]}}],"collection":[{"href":"https:\/\/radiosolaris.com.br\/beta\/wp-json\/wp\/v2\/posts"}],"about":[{"href":"https:\/\/radiosolaris.com.br\/beta\/wp-json\/wp\/v2\/types\/post"}],"author":[{"embeddable":true,"href":"https:\/\/radiosolaris.com.br\/beta\/wp-json\/wp\/v2\/users\/1"}],"replies":[{"embeddable":true,"href":"https:\/\/radiosolaris.com.br\/beta\/wp-json\/wp\/v2\/comments?post=88547"}],"version-history":[{"count":0,"href":"https:\/\/radiosolaris.com.br\/beta\/wp-json\/wp\/v2\/posts\/88547\/revisions"}],"wp:featuredmedia":[{"embeddable":true,"href":"https:\/\/radiosolaris.com.br\/beta\/wp-json\/wp\/v2\/media\/88548"}],"wp:attachment":[{"href":"https:\/\/radiosolaris.com.br\/beta\/wp-json\/wp\/v2\/media?parent=88547"}],"wp:term":[{"taxonomy":"category","embeddable":true,"href":"https:\/\/radiosolaris.com.br\/beta\/wp-json\/wp\/v2\/categories?post=88547"},{"taxonomy":"post_tag","embeddable":true,"href":"https:\/\/radiosolaris.com.br\/beta\/wp-json\/wp\/v2\/tags?post=88547"},{"taxonomy":"powerkit_post_featured","embeddable":true,"href":"https:\/\/radiosolaris.com.br\/beta\/wp-json\/wp\/v2\/powerkit_post_featured?post=88547"}],"curies":[{"name":"wp","href":"https:\/\/api.w.org\/{rel}","templated":true}]}}