{"id":88484,"date":"2022-09-22T18:11:12","date_gmt":"2022-09-22T21:11:12","guid":{"rendered":"https:\/\/radiosolaris.com.br\/beta\/?p=88484"},"modified":"2022-09-22T18:12:18","modified_gmt":"2022-09-22T21:12:18","slug":"homem-acusado-de-estupro-e-preso-no-bairro-esplanada-em-caxias-do-sul","status":"publish","type":"post","link":"https:\/\/radiosolaris.com.br\/beta\/homem-acusado-de-estupro-e-preso-no-bairro-esplanada-em-caxias-do-sul\/","title":{"rendered":"Homem acusado de estupro \u00e9 preso no bairro Esplanada, em Caxias do Sul"},"content":{"rendered":"\n<h4 id=\"o-homem-de-58-anos-estava-sendo-procurado-por-estupro-de-vulneravel\" class=\"wp-block-heading\">O homem  de 58 anos estava sendo procurado por estupro de vulner\u00e1vel<\/h4>\n\n\n\n<p>Um homem acusado de estupro de vulner\u00e1vel foi preso nesta quinta-feira (22) no bairro Esplanada, em Caxias do Sul. O esconderijo do homem de 58 anos foi descoberto pela Pol\u00edcia Civil, por meio da Delegacia de Repress\u00e3o Ao Crime Organizado (Draco). <\/p>\n\n\n\n<p>O homem j\u00e1 foi encaminhado ao sistema prisional e ficar\u00e1 \u00e0 disposi\u00e7\u00e3o da justi\u00e7a.<\/p>\n\n\n\n<p><\/p>\n","protected":false},"excerpt":{"rendered":"<p>O homem de 58 anos estava sendo procurado por estupro de vulner\u00e1vel Um homem acusado de estupro de vulner\u00e1vel foi preso nesta quinta-feira (22) no bairro Esplanada, em Caxias do&hellip;<\/p>\n","protected":false},"author":17,"featured_media":88485,"comment_status":"closed","ping_status":"closed","sticky":false,"template":"","format":"standard","meta":{"_lmt_disableupdate":"","_lmt_disable":"","footnotes":""},"categories":[83],"tags":[11327,148,10154,13821,14040,283],"powerkit_post_featured":[],"class_list":{"0":"post-88484","1":"post","2":"type-post","3":"status-publish","4":"format-standard","5":"has-post-thumbnail","7":"category-serra-gaucha","8":"tag-bairro-esplanada","9":"tag-caxias-do-sul","10":"tag-estupro-de-vulneravel","11":"tag-estupro-em-caxias-do-sul","12":"tag-prisao-no-esplanada","13":"tag-serra-gaucha"},"modified_by":"Igor Panzenhagen","_links":{"self":[{"href":"https:\/\/radiosolaris.com.br\/beta\/wp-json\/wp\/v2\/posts\/88484","targetHints":{"allow":["GET"]}}],"collection":[{"href":"https:\/\/radiosolaris.com.br\/beta\/wp-json\/wp\/v2\/posts"}],"about":[{"href":"https:\/\/radiosolaris.com.br\/beta\/wp-json\/wp\/v2\/types\/post"}],"author":[{"embeddable":true,"href":"https:\/\/radiosolaris.com.br\/beta\/wp-json\/wp\/v2\/users\/17"}],"replies":[{"embeddable":true,"href":"https:\/\/radiosolaris.com.br\/beta\/wp-json\/wp\/v2\/comments?post=88484"}],"version-history":[{"count":0,"href":"https:\/\/radiosolaris.com.br\/beta\/wp-json\/wp\/v2\/posts\/88484\/revisions"}],"wp:featuredmedia":[{"embeddable":true,"href":"https:\/\/radiosolaris.com.br\/beta\/wp-json\/wp\/v2\/media\/88485"}],"wp:attachment":[{"href":"https:\/\/radiosolaris.com.br\/beta\/wp-json\/wp\/v2\/media?parent=88484"}],"wp:term":[{"taxonomy":"category","embeddable":true,"href":"https:\/\/radiosolaris.com.br\/beta\/wp-json\/wp\/v2\/categories?post=88484"},{"taxonomy":"post_tag","embeddable":true,"href":"https:\/\/radiosolaris.com.br\/beta\/wp-json\/wp\/v2\/tags?post=88484"},{"taxonomy":"powerkit_post_featured","embeddable":true,"href":"https:\/\/radiosolaris.com.br\/beta\/wp-json\/wp\/v2\/powerkit_post_featured?post=88484"}],"curies":[{"name":"wp","href":"https:\/\/api.w.org\/{rel}","templated":true}]}}