{"id":88474,"date":"2022-09-22T16:20:19","date_gmt":"2022-09-22T19:20:19","guid":{"rendered":"https:\/\/radiosolaris.com.br\/beta\/?p=88474"},"modified":"2022-09-22T16:20:21","modified_gmt":"2022-09-22T19:20:21","slug":"protasio-alves-lanca-programa-de-incentivo-a-construcao-de-cisternas","status":"publish","type":"post","link":"https:\/\/radiosolaris.com.br\/beta\/protasio-alves-lanca-programa-de-incentivo-a-construcao-de-cisternas\/","title":{"rendered":"Prot\u00e1sio Alves lan\u00e7a programa de incentivo \u00e0 constru\u00e7\u00e3o de cisternas"},"content":{"rendered":"\n<h4 id=\"o-objetivo-e-incentivar-a-captacao-e-o-armazenamento-de-agua\" class=\"wp-block-heading\">O objetivo \u00e9 incentivar a capta\u00e7\u00e3o e o armazenamento de \u00e1gua<\/h4>\n\n\n\n<p>O Munic\u00edpio de Prot\u00e1sio Alves ir\u00e1 conceder um aux\u00edlio financeiro ao empreendedor, equivalente a um percentual do custo total da cisterna, com um programa de incentivo. O objetivo \u00e9 incentivar a capta\u00e7\u00e3o e o armazenamento de \u00e1gua destinada \u00e0 produ\u00e7\u00e3o agropecu\u00e1ria e animal nas propriedades rurais e reduzir os efeitos das secas na produ\u00e7\u00e3o prim\u00e1ria.<\/p>\n\n\n\n<p>Os modelos aceitos pela Secretaria Municipal de Agricultura e Meio Ambiente s\u00e3o cisternas com capacidade de 60 m\u00b3 a 300 m\u00b3.<\/p>\n\n\n\n<p>Para obten\u00e7\u00e3o dos incentivos, o empreendedor dever\u00e1 seguir os seguintes crit\u00e9rios:<\/p>\n\n\n\n<ul class=\"wp-block-list\"><li>Ser propriet\u00e1rio ou arrendat\u00e1rio de terras no munic\u00edpio de Prot\u00e1sio Alves;<\/li><li>Ter cadastro ativo junto ao munic\u00edpio;<\/li><li>Situa\u00e7\u00e3o regular perante o fisco municipal;<\/li><li>Tal\u00e3o de produtor com inscri\u00e7\u00e3o no munic\u00edpio de Prot\u00e1sio Alves;<\/li><li>Assinatura de termo de compromisso de manter as atividades econ\u00f4micas por prazo de, no m\u00ednimo, 10 anos.<\/li><\/ul>\n\n\n\n<p>Al\u00e9m do aux\u00edlio financeiro o munic\u00edpio ir\u00e1 prestar auxilio com maquin\u00e1rio para a implanta\u00e7\u00e3o da cisterna.<\/p>\n\n\n\n<p>Mais informa\u00e7\u00f5es junto \u00e0 Secretaria Municipal de Agricultura e Meio Ambiente ou pelo telefone (54) 3276-1225.<\/p>\n","protected":false},"excerpt":{"rendered":"<p>O objetivo \u00e9 incentivar a capta\u00e7\u00e3o e o armazenamento de \u00e1gua O Munic\u00edpio de Prot\u00e1sio Alves ir\u00e1 conceder um aux\u00edlio financeiro ao empreendedor, equivalente a um percentual do custo total&hellip;<\/p>\n","protected":false},"author":20,"featured_media":88476,"comment_status":"closed","ping_status":"closed","sticky":false,"template":"","format":"standard","meta":{"_lmt_disableupdate":"","_lmt_disable":"","footnotes":""},"categories":[1],"tags":[14034,154,170],"powerkit_post_featured":[],"class_list":{"0":"post-88474","1":"post","2":"type-post","3":"status-publish","4":"format-standard","5":"has-post-thumbnail","7":"category-geral","8":"tag-cisterna","9":"tag-prefeitura","10":"tag-protasio-alves-2"},"modified_by":"Gustavo Zanotto","_links":{"self":[{"href":"https:\/\/radiosolaris.com.br\/beta\/wp-json\/wp\/v2\/posts\/88474","targetHints":{"allow":["GET"]}}],"collection":[{"href":"https:\/\/radiosolaris.com.br\/beta\/wp-json\/wp\/v2\/posts"}],"about":[{"href":"https:\/\/radiosolaris.com.br\/beta\/wp-json\/wp\/v2\/types\/post"}],"author":[{"embeddable":true,"href":"https:\/\/radiosolaris.com.br\/beta\/wp-json\/wp\/v2\/users\/20"}],"replies":[{"embeddable":true,"href":"https:\/\/radiosolaris.com.br\/beta\/wp-json\/wp\/v2\/comments?post=88474"}],"version-history":[{"count":0,"href":"https:\/\/radiosolaris.com.br\/beta\/wp-json\/wp\/v2\/posts\/88474\/revisions"}],"wp:featuredmedia":[{"embeddable":true,"href":"https:\/\/radiosolaris.com.br\/beta\/wp-json\/wp\/v2\/media\/88476"}],"wp:attachment":[{"href":"https:\/\/radiosolaris.com.br\/beta\/wp-json\/wp\/v2\/media?parent=88474"}],"wp:term":[{"taxonomy":"category","embeddable":true,"href":"https:\/\/radiosolaris.com.br\/beta\/wp-json\/wp\/v2\/categories?post=88474"},{"taxonomy":"post_tag","embeddable":true,"href":"https:\/\/radiosolaris.com.br\/beta\/wp-json\/wp\/v2\/tags?post=88474"},{"taxonomy":"powerkit_post_featured","embeddable":true,"href":"https:\/\/radiosolaris.com.br\/beta\/wp-json\/wp\/v2\/powerkit_post_featured?post=88474"}],"curies":[{"name":"wp","href":"https:\/\/api.w.org\/{rel}","templated":true}]}}