{"id":88469,"date":"2022-09-22T15:42:50","date_gmt":"2022-09-22T18:42:50","guid":{"rendered":"https:\/\/radiosolaris.com.br\/beta\/?p=88469"},"modified":"2022-09-22T16:05:05","modified_gmt":"2022-09-22T19:05:05","slug":"homens-que-roubaram-carro-em-vacaria-sao-presos-na-ers-122-em-caxias-do-sul","status":"publish","type":"post","link":"https:\/\/radiosolaris.com.br\/beta\/homens-que-roubaram-carro-em-vacaria-sao-presos-na-ers-122-em-caxias-do-sul\/","title":{"rendered":"Homens que roubaram carro em Vacaria s\u00e3o presos na ERS-122, em Caxias do Sul"},"content":{"rendered":"\n<h4 id=\"a-mulher-que-teve-o-carro-roubado-foi-raptada-agredida-e-liberada-no-bairro-parada-cristal\" class=\"wp-block-heading\">A mulher que teve o carro roubado foi raptada, agredida e liberada no bairro Parada Cristal<\/h4>\n\n\n\n<p>Dois homens foram presos e um menor de idade foi apreendido pela Brigada Militar (BM) ap\u00f3s terem roubado um ve\u00edculo e raptado a propriet\u00e1ria na noite desta quarta-feira (21), em Vacaria. A pris\u00e3o do trio ocorreu na ERS-122 (Rota do Sol), onde os bandidos fugiam com o ve\u00edculo GM\/\u00d4nix no sentido Caxias do Sul\/Farroupilha.<\/p>\n\n\n\n<p>Conforme relatos, a dona do carro, uma mulher de 53 anos, teve cart\u00f5es de banco e objetos pessoais furtados e foi agredida. Quando os criminosos trafegavam pela BR-116, no sentido S\u00e3o Marcos\/Caxias, a mulher foi libertada na altura do bairro Parada Cristal, j\u00e1 em Caxias.<\/p>\n\n\n\n<p>Ap\u00f3s a pris\u00e3o, o trio foi conduzido para a Delegacia da Pol\u00edcia Civil para o registro do Boletim de Ocorr\u00eancia. Eles tamb\u00e9m foram autuados por tr\u00e1fico de entorpecentes, visto com eles foram encontradas por\u00e7\u00f5es de drogas.<\/p>\n\n\n\n<p>Conforme o 12\u00ba Batalh\u00e3o de Pol\u00edcia Militar (12\u00baBPM), a v\u00edtima do furto precisou ser hospitalizada ap\u00f3s a a\u00e7\u00e3o dos bandidos.<\/p>\n\n\n\n<p><\/p>\n\n\n\n<figure class=\"wp-block-gallery has-nested-images columns-default is-cropped wp-block-gallery-1 is-layout-flex wp-block-gallery-is-layout-flex\">\n<figure class=\"wp-block-image size-large\"><a href=\"https:\/\/radiosolaris.com.br\/beta\/wp-content\/uploads\/2022\/09\/WhatsApp-Image-2022-09-22-at-10.53.08.jpeg\"><img  loading=\"lazy\"  decoding=\"async\"  width=\"568\"  height=\"299\"  data-id=\"88470\"  src=\"data:image\/png;base64,iVBORw0KGgoAAAANSUhEUgAAAAEAAAABAQMAAAAl21bKAAAAA1BMVEUAAP+KeNJXAAAAAXRSTlMAQObYZgAAAAlwSFlzAAAOxAAADsQBlSsOGwAAAApJREFUCNdjYAAAAAIAAeIhvDMAAAAASUVORK5CYII=\"  alt=\"\"  class=\"wp-image-88470 pk-lazyload\"  data-pk-sizes=\"auto\"  data-pk-src=\"https:\/\/radiosolaris.com.br\/beta\/wp-content\/uploads\/2022\/09\/WhatsApp-Image-2022-09-22-at-10.53.08.jpeg\" ><\/a><\/figure>\n<figcaption class=\"blocks-gallery-caption\">Foto: Divulga\u00e7\u00e3o Brigada Militar<\/figcaption><\/figure>\n","protected":false},"excerpt":{"rendered":"<p>A mulher que teve o carro roubado foi raptada, agredida e liberada no bairro Parada Cristal Dois homens foram presos e um menor de idade foi apreendido pela Brigada Militar&hellip;<\/p>\n","protected":false},"author":17,"featured_media":88470,"comment_status":"closed","ping_status":"closed","sticky":false,"template":"","format":"standard","meta":{"_lmt_disableupdate":"","_lmt_disable":"","footnotes":""},"categories":[83],"tags":[11511,14032,148,522,12225,13743,1227,283,14033,628],"powerkit_post_featured":[],"class_list":{"0":"post-88469","1":"post","2":"type-post","3":"status-publish","4":"format-standard","5":"has-post-thumbnail","7":"category-serra-gaucha","8":"tag-brigada-militar-de-caxias-do-sul","9":"tag-carro-roubado-em-vacaria","10":"tag-caxias-do-sul","11":"tag-ers-122-2","12":"tag-furto-de-carro","13":"tag-prisao-em-caxias","14":"tag-rota-do-sol","15":"tag-serra-gaucha","16":"tag-trio-e-preso","17":"tag-vacaria"},"modified_by":"Igor Panzenhagen","_links":{"self":[{"href":"https:\/\/radiosolaris.com.br\/beta\/wp-json\/wp\/v2\/posts\/88469","targetHints":{"allow":["GET"]}}],"collection":[{"href":"https:\/\/radiosolaris.com.br\/beta\/wp-json\/wp\/v2\/posts"}],"about":[{"href":"https:\/\/radiosolaris.com.br\/beta\/wp-json\/wp\/v2\/types\/post"}],"author":[{"embeddable":true,"href":"https:\/\/radiosolaris.com.br\/beta\/wp-json\/wp\/v2\/users\/17"}],"replies":[{"embeddable":true,"href":"https:\/\/radiosolaris.com.br\/beta\/wp-json\/wp\/v2\/comments?post=88469"}],"version-history":[{"count":0,"href":"https:\/\/radiosolaris.com.br\/beta\/wp-json\/wp\/v2\/posts\/88469\/revisions"}],"wp:featuredmedia":[{"embeddable":true,"href":"https:\/\/radiosolaris.com.br\/beta\/wp-json\/wp\/v2\/media\/88470"}],"wp:attachment":[{"href":"https:\/\/radiosolaris.com.br\/beta\/wp-json\/wp\/v2\/media?parent=88469"}],"wp:term":[{"taxonomy":"category","embeddable":true,"href":"https:\/\/radiosolaris.com.br\/beta\/wp-json\/wp\/v2\/categories?post=88469"},{"taxonomy":"post_tag","embeddable":true,"href":"https:\/\/radiosolaris.com.br\/beta\/wp-json\/wp\/v2\/tags?post=88469"},{"taxonomy":"powerkit_post_featured","embeddable":true,"href":"https:\/\/radiosolaris.com.br\/beta\/wp-json\/wp\/v2\/powerkit_post_featured?post=88469"}],"curies":[{"name":"wp","href":"https:\/\/api.w.org\/{rel}","templated":true}]}}