{"id":88446,"date":"2022-09-22T09:14:48","date_gmt":"2022-09-22T12:14:48","guid":{"rendered":"https:\/\/radiosolaris.com.br\/beta\/?p=88446"},"modified":"2022-09-22T09:14:50","modified_gmt":"2022-09-22T12:14:50","slug":"dois-individuos-sao-presos-e-um-menor-e-apreendido-por-sequestro-em-vacaria","status":"publish","type":"post","link":"https:\/\/radiosolaris.com.br\/beta\/dois-individuos-sao-presos-e-um-menor-e-apreendido-por-sequestro-em-vacaria\/","title":{"rendered":"Dois indiv\u00edduos s\u00e3o presos e um menor \u00e9 apreendido por sequestro em Vacaria"},"content":{"rendered":"\n<h4 id=\"acao-rapida-e-integrada-dos-orgaos-de-seguranca-apos-sequestro-resultou-na-prisao-de-duas-pessoas-e-na-apreensao-de-um-menor\" class=\"wp-block-heading\">A\u00e7\u00e3o r\u00e1pida e integrada dos \u00f3rg\u00e3os de seguran\u00e7a, ap\u00f3s sequestro, resultou na pris\u00e3o de duas pessoas e na apreens\u00e3o de um menor<\/h4>\n\n\n\n<p>Na noite de quarta-feira (21), por volta das 19h15min, ocorreu um sequestro no bairro Imperial em Vacaria. Um popular presenciou a a\u00e7\u00e3o e informou a Guarda Municipal e a Brigada Militar relatando o que havia ocorrido e as caracter\u00edsticas dos envolvidos.<\/p>\n\n\n\n<p>Antes mesmo de confirmar a den\u00fancia a Pol\u00edcia Civil j\u00e1 havia se colocado \u00e0 disposi\u00e7\u00e3o e iniciado os trabalhos para confirmar os fatos. A partir deste momento iniciava-se um trabalho conjunto entre Brigada Militar, Pol\u00edcia Civil e Guarda Municipal de Vacaria e a Brigada Militar de Caxias.<\/p>\n\n\n\n<p>\u00c0s 21h45min, a v\u00edtima foi localizada em Caxias do Sul. Por volta das 22h20min guarni\u00e7\u00f5es da For\u00e7a T\u00e1tica do 12\u00b0 BPM de Caxias do Sul localizaram o ve\u00edculo na Rota do Sol, efetuando a abordagem e pris\u00e3o de dois indiv\u00edduos e apreens\u00e3o de um menor.<\/p>\n\n\n\n<p>Com os presos foram localizados ainda dinheiro, celulares e drogas, sendo dada voz de pris\u00e3o e encaminhados a Delegacia de Pol\u00edcia para demais procedimentos. A v\u00edtima foi hospitalizada para a realiza\u00e7\u00e3o de exames.<\/p>\n","protected":false},"excerpt":{"rendered":"<p>A\u00e7\u00e3o r\u00e1pida e integrada dos \u00f3rg\u00e3os de seguran\u00e7a, ap\u00f3s sequestro, resultou na pris\u00e3o de duas pessoas e na apreens\u00e3o de um menor Na noite de quarta-feira (21), por volta das&hellip;<\/p>\n","protected":false},"author":1,"featured_media":76476,"comment_status":"closed","ping_status":"closed","sticky":false,"template":"","format":"standard","meta":{"_lmt_disableupdate":"","_lmt_disable":"","footnotes":""},"categories":[1,83],"tags":[303,628],"powerkit_post_featured":[],"class_list":{"0":"post-88446","1":"post","2":"type-post","3":"status-publish","4":"format-standard","5":"has-post-thumbnail","7":"category-geral","8":"category-serra-gaucha","9":"tag-prisao","10":"tag-vacaria"},"modified_by":null,"_links":{"self":[{"href":"https:\/\/radiosolaris.com.br\/beta\/wp-json\/wp\/v2\/posts\/88446","targetHints":{"allow":["GET"]}}],"collection":[{"href":"https:\/\/radiosolaris.com.br\/beta\/wp-json\/wp\/v2\/posts"}],"about":[{"href":"https:\/\/radiosolaris.com.br\/beta\/wp-json\/wp\/v2\/types\/post"}],"author":[{"embeddable":true,"href":"https:\/\/radiosolaris.com.br\/beta\/wp-json\/wp\/v2\/users\/1"}],"replies":[{"embeddable":true,"href":"https:\/\/radiosolaris.com.br\/beta\/wp-json\/wp\/v2\/comments?post=88446"}],"version-history":[{"count":0,"href":"https:\/\/radiosolaris.com.br\/beta\/wp-json\/wp\/v2\/posts\/88446\/revisions"}],"wp:featuredmedia":[{"embeddable":true,"href":"https:\/\/radiosolaris.com.br\/beta\/wp-json\/wp\/v2\/media\/76476"}],"wp:attachment":[{"href":"https:\/\/radiosolaris.com.br\/beta\/wp-json\/wp\/v2\/media?parent=88446"}],"wp:term":[{"taxonomy":"category","embeddable":true,"href":"https:\/\/radiosolaris.com.br\/beta\/wp-json\/wp\/v2\/categories?post=88446"},{"taxonomy":"post_tag","embeddable":true,"href":"https:\/\/radiosolaris.com.br\/beta\/wp-json\/wp\/v2\/tags?post=88446"},{"taxonomy":"powerkit_post_featured","embeddable":true,"href":"https:\/\/radiosolaris.com.br\/beta\/wp-json\/wp\/v2\/powerkit_post_featured?post=88446"}],"curies":[{"name":"wp","href":"https:\/\/api.w.org\/{rel}","templated":true}]}}