{"id":88430,"date":"2022-09-22T07:46:39","date_gmt":"2022-09-22T10:46:39","guid":{"rendered":"https:\/\/radiosolaris.com.br\/beta\/?p=88430"},"modified":"2022-09-22T07:52:47","modified_gmt":"2022-09-22T10:52:47","slug":"carro-sai-da-pista-e-derruba-poste-de-iluminacao-publica-na-br-116-em-caxias","status":"publish","type":"post","link":"https:\/\/radiosolaris.com.br\/beta\/carro-sai-da-pista-e-derruba-poste-de-iluminacao-publica-na-br-116-em-caxias\/","title":{"rendered":"Carro sai da pista e derruba poste de ilumina\u00e7\u00e3o p\u00fablica na BR-116, em Caxias"},"content":{"rendered":"\n<h4 id=\"de-acordo-com-a-prf-condutor-sofreu-apenas-lesoes-leves\" class=\"wp-block-heading\">De acordo com a PRF, condutor sofreu apenas les\u00f5es leves<\/h4>\n\n\n\n<p>O condutor de um Fiat\/Uno vermelho perdeu o controle do carro, saiu da pista, invadiu o canteiro central e acabou derrubando um poste de ilumina\u00e7\u00e3o p\u00fablica na BR-116, em Caxias do Sul. O fato foi registrado por volta das 22h desta quarta-feira (21), no km 148,3 da rodovia.<\/p>\n\n\n\n<p>De acordo com informa\u00e7\u00f5es repassadas pela Pol\u00edcia Rodovi\u00e1ria Federal (PRF), o motorista de 24 anos seguia no sentido Caxias\/S\u00e3o Marcos quando teria perdido o controle do ve\u00edculo em uma curva. O jovem foi socorrido por uma ambul\u00e2ncia da empresa Resgate Sul e encaminhado, com ferimentos leves, \u00e0 UPA Zona Norte.<\/p>\n\n\n\n<p>Ainda conforme a PRF, o poste ca\u00eddo obstruiu totalmente a pista, que foi liberada cerca de uma hora depois do ocorrido.<\/p>\n\n\n\n<p><\/p>\n","protected":false},"excerpt":{"rendered":"<p>De acordo com a PRF, condutor sofreu apenas les\u00f5es leves O condutor de um Fiat\/Uno vermelho perdeu o controle do carro, saiu da pista, invadiu o canteiro central e acabou&hellip;<\/p>\n","protected":false},"author":19,"featured_media":36493,"comment_status":"closed","ping_status":"closed","sticky":false,"template":"","format":"standard","meta":{"_lmt_disableupdate":"","_lmt_disable":"","footnotes":""},"categories":[83],"tags":[307,1015,148,7706,301,283],"powerkit_post_featured":[],"class_list":{"0":"post-88430","1":"post","2":"type-post","3":"status-publish","4":"format-standard","5":"has-post-thumbnail","7":"category-serra-gaucha","8":"tag-acidente","9":"tag-br-116","10":"tag-caxias-do-sul","11":"tag-poste","12":"tag-prf","13":"tag-serra-gaucha"},"modified_by":"Luciano Pettorini","_links":{"self":[{"href":"https:\/\/radiosolaris.com.br\/beta\/wp-json\/wp\/v2\/posts\/88430","targetHints":{"allow":["GET"]}}],"collection":[{"href":"https:\/\/radiosolaris.com.br\/beta\/wp-json\/wp\/v2\/posts"}],"about":[{"href":"https:\/\/radiosolaris.com.br\/beta\/wp-json\/wp\/v2\/types\/post"}],"author":[{"embeddable":true,"href":"https:\/\/radiosolaris.com.br\/beta\/wp-json\/wp\/v2\/users\/19"}],"replies":[{"embeddable":true,"href":"https:\/\/radiosolaris.com.br\/beta\/wp-json\/wp\/v2\/comments?post=88430"}],"version-history":[{"count":0,"href":"https:\/\/radiosolaris.com.br\/beta\/wp-json\/wp\/v2\/posts\/88430\/revisions"}],"wp:featuredmedia":[{"embeddable":true,"href":"https:\/\/radiosolaris.com.br\/beta\/wp-json\/wp\/v2\/media\/36493"}],"wp:attachment":[{"href":"https:\/\/radiosolaris.com.br\/beta\/wp-json\/wp\/v2\/media?parent=88430"}],"wp:term":[{"taxonomy":"category","embeddable":true,"href":"https:\/\/radiosolaris.com.br\/beta\/wp-json\/wp\/v2\/categories?post=88430"},{"taxonomy":"post_tag","embeddable":true,"href":"https:\/\/radiosolaris.com.br\/beta\/wp-json\/wp\/v2\/tags?post=88430"},{"taxonomy":"powerkit_post_featured","embeddable":true,"href":"https:\/\/radiosolaris.com.br\/beta\/wp-json\/wp\/v2\/powerkit_post_featured?post=88430"}],"curies":[{"name":"wp","href":"https:\/\/api.w.org\/{rel}","templated":true}]}}