{"id":88324,"date":"2022-09-21T08:09:35","date_gmt":"2022-09-21T11:09:35","guid":{"rendered":"https:\/\/radiosolaris.com.br\/beta\/?p=88324"},"modified":"2022-09-21T08:09:37","modified_gmt":"2022-09-21T11:09:37","slug":"rodados-de-caminhao-sao-furtados-de-empresa-em-nova-padua","status":"publish","type":"post","link":"https:\/\/radiosolaris.com.br\/beta\/rodados-de-caminhao-sao-furtados-de-empresa-em-nova-padua\/","title":{"rendered":"Rodados de caminh\u00e3o s\u00e3o furtados de empresa em Nova P\u00e1dua"},"content":{"rendered":"\n<h4 id=\"de-acordo-com-a-proprietaria-caminhoes-estavam-estacionados-no-patio-da-empresa\" class=\"wp-block-heading\">De acordo com a propriet\u00e1ria, caminh\u00f5es estavam estacionados no p\u00e1tio da empresa<\/h4>\n\n\n\n<p>Doze rodados de caminh\u00e3o foram furtados de uma empresa localizada na \u00e1rea central de Nova P\u00e1dua. O fato foi registrado na manh\u00e3 desta ter\u00e7a-feira (20), por volta das 11h30min.<\/p>\n\n\n\n<p>De acordo com informa\u00e7\u00f5es da Brigada Militar (BM), a propriet\u00e1ria da empresa relatou que os caminh\u00f5es estavam estacionados no p\u00e1tio da empresa. Ainda segundo a BM, os rodados foram recuperados.<\/p>\n\n\n\n<p><\/p>\n","protected":false},"excerpt":{"rendered":"<p>De acordo com a propriet\u00e1ria, caminh\u00f5es estavam estacionados no p\u00e1tio da empresa Doze rodados de caminh\u00e3o foram furtados de uma empresa localizada na \u00e1rea central de Nova P\u00e1dua. O fato&hellip;<\/p>\n","protected":false},"author":19,"featured_media":84829,"comment_status":"closed","ping_status":"closed","sticky":false,"template":"","format":"standard","meta":{"_lmt_disableupdate":"","_lmt_disable":"","footnotes":""},"categories":[83],"tags":[247,366,167,283],"powerkit_post_featured":[],"class_list":{"0":"post-88324","1":"post","2":"type-post","3":"status-publish","4":"format-standard","5":"has-post-thumbnail","7":"category-serra-gaucha","8":"tag-brigada-militar","9":"tag-furto","10":"tag-nova-padua","11":"tag-serra-gaucha"},"modified_by":"Luciano Pettorini","_links":{"self":[{"href":"https:\/\/radiosolaris.com.br\/beta\/wp-json\/wp\/v2\/posts\/88324","targetHints":{"allow":["GET"]}}],"collection":[{"href":"https:\/\/radiosolaris.com.br\/beta\/wp-json\/wp\/v2\/posts"}],"about":[{"href":"https:\/\/radiosolaris.com.br\/beta\/wp-json\/wp\/v2\/types\/post"}],"author":[{"embeddable":true,"href":"https:\/\/radiosolaris.com.br\/beta\/wp-json\/wp\/v2\/users\/19"}],"replies":[{"embeddable":true,"href":"https:\/\/radiosolaris.com.br\/beta\/wp-json\/wp\/v2\/comments?post=88324"}],"version-history":[{"count":0,"href":"https:\/\/radiosolaris.com.br\/beta\/wp-json\/wp\/v2\/posts\/88324\/revisions"}],"wp:featuredmedia":[{"embeddable":true,"href":"https:\/\/radiosolaris.com.br\/beta\/wp-json\/wp\/v2\/media\/84829"}],"wp:attachment":[{"href":"https:\/\/radiosolaris.com.br\/beta\/wp-json\/wp\/v2\/media?parent=88324"}],"wp:term":[{"taxonomy":"category","embeddable":true,"href":"https:\/\/radiosolaris.com.br\/beta\/wp-json\/wp\/v2\/categories?post=88324"},{"taxonomy":"post_tag","embeddable":true,"href":"https:\/\/radiosolaris.com.br\/beta\/wp-json\/wp\/v2\/tags?post=88324"},{"taxonomy":"powerkit_post_featured","embeddable":true,"href":"https:\/\/radiosolaris.com.br\/beta\/wp-json\/wp\/v2\/powerkit_post_featured?post=88324"}],"curies":[{"name":"wp","href":"https:\/\/api.w.org\/{rel}","templated":true}]}}