{"id":88321,"date":"2022-09-20T17:45:06","date_gmt":"2022-09-20T20:45:06","guid":{"rendered":"https:\/\/radiosolaris.com.br\/beta\/?p=88321"},"modified":"2022-09-20T17:45:09","modified_gmt":"2022-09-20T20:45:09","slug":"texto-que-viabiliza-piso-da-enfermagem-pode-ser-votado-semana-que-vem","status":"publish","type":"post","link":"https:\/\/radiosolaris.com.br\/beta\/texto-que-viabiliza-piso-da-enfermagem-pode-ser-votado-semana-que-vem\/","title":{"rendered":"Texto que viabiliza piso da enfermagem pode ser votado semana que vem"},"content":{"rendered":"\n<h4 id=\"informacao-foi-divulgada-pelo-relator-geral-do-orcamento-de-2023\" class=\"wp-block-heading\">Informa\u00e7\u00e3o foi divulgada pelo relator geral do Or\u00e7amento de 2023<\/h4>\n\n\n\n<p>O Senado pretende votar antes do primeiro turno das elei\u00e7\u00f5es o&nbsp;<a href=\"https:\/\/legis.senado.leg.br\/sdleg-getter\/documento?dm=9126514&amp;ts=1649688346164&amp;disposition=inline\" target=\"_blank\" rel=\"noreferrer noopener\">Projeto de Lei Complementar 44\/2022<\/a>, que permite que estados e munic\u00edpios possam realocar recursos para o combate \u00e0 covid-19 para outros programas na \u00e1rea da sa\u00fade. A proposta, que tem o apoio da Confedera\u00e7\u00e3o Nacional dos Munic\u00edpios (CNM), pode liberar cerca de R$ 27,7 bilh\u00f5es n\u00e3o utilizados e, com isso, viabilizar o pagamento do piso salarial dos enfermeiros,&nbsp;<a href=\"https:\/\/agenciabrasil.ebc.com.br\/justica\/noticia\/2022-09\/por-7-votos-4-stf-confirma-suspensao-do-piso-da-enfermagem\" target=\"_blank\" rel=\"noreferrer noopener\">suspenso pelo Supremo Tribunal Federal (STF)<\/a>.<img  decoding=\"async\"  src=\"data:image\/png;base64,iVBORw0KGgoAAAANSUhEUgAAAAEAAAABAQMAAAAl21bKAAAAA1BMVEUAAP+KeNJXAAAAAXRSTlMAQObYZgAAAAlwSFlzAAAOxAAADsQBlSsOGwAAAApJREFUCNdjYAAAAAIAAeIhvDMAAAAASUVORK5CYII=\"  class=\" pk-lazyload\"  data-pk-sizes=\"auto\"  data-pk-src=\"https:\/\/agenciabrasil.ebc.com.br\/ebc.png?id=1483389&amp;o=node\" ><img  decoding=\"async\"  src=\"data:image\/png;base64,iVBORw0KGgoAAAANSUhEUgAAAAEAAAABAQMAAAAl21bKAAAAA1BMVEUAAP+KeNJXAAAAAXRSTlMAQObYZgAAAAlwSFlzAAAOxAAADsQBlSsOGwAAAApJREFUCNdjYAAAAAIAAeIhvDMAAAAASUVORK5CYII=\"  class=\" pk-lazyload\"  data-pk-sizes=\"auto\"  data-pk-src=\"https:\/\/agenciabrasil.ebc.com.br\/ebc.gif?id=1483389&amp;o=node\" ><\/p>\n\n\n\n<p>A informa\u00e7\u00e3o foi dada nesta ter\u00e7a-feira (20) pelo relator geral do Or\u00e7amento de 2023, senador Marcelo Castro (MDB-PI), ap\u00f3s reuni\u00e3o com o presidente do Senado, Rodrigo Pacheco (PSD-MG).<\/p>\n\n\n\n<p>\u201cA nossa ideia \u00e9 aprovar esse PLP j\u00e1 na pr\u00f3xima semana. Ent\u00e3o, rapidamente a gente aprova isso, j\u00e1 antes da elei\u00e7\u00e3o, para dar um sustento, um refor\u00e7o ao or\u00e7amento dos estados e dos munic\u00edpios\u201d, disse Castro.<\/p>\n\n\n\n<p>Em reuni\u00e3o com l\u00edderes do Senado na manh\u00e3 desta segunda-feira (19), o presidente da Casa, Rodrigo Pacheco, apresentou outros tr\u00eas projetos selecionados pela consultoria do Senado para tentar viabilizar o piso da enfermagem. Vistos como solu\u00e7\u00e3o no longo prazo, est\u00e3o sendo estudados o&nbsp;<a href=\"https:\/\/legis.senado.leg.br\/sdleg-getter\/documento?dm=8937955&amp;ts=1630441280254&amp;disposition=inline\" target=\"_blank\" rel=\"noreferrer noopener\">PL 798\/21<\/a>, que reedita o programa de repatriamento de recursos; o&nbsp;<a href=\"https:\/\/legis.senado.leg.br\/sdleg-getter\/documento?dm=8926069&amp;ts=1630443662918&amp;disposition=inline\" target=\"_blank\" rel=\"noreferrer noopener\">PL 458\/21<\/a>, que trata da atualiza\u00e7\u00e3o patrimonial, al\u00e9m do&nbsp;<a href=\"https:\/\/legis.senado.leg.br\/sdleg-getter\/documento?dm=8952235&amp;ts=1651755168341&amp;disposition=inline\" target=\"_blank\" rel=\"noreferrer noopener\">PL 1417\/21<\/a>, que prev\u00ea aux\u00edlio financeiro emergencial para as santas casas e hospitais filantr\u00f3picos.<\/p>\n\n\n\n<p>Outra proposta apresentada pelo l\u00edder da minoria na Casa, Jean Paul Prates (PT-RN), sugere que as emendas de relator, as RP 9, sejam utilizadas para custear o piso para os servidores municipais e estaduais da categoria. Na avalia\u00e7\u00e3o de Prates, a medida \u00e9 a solu\u00e7\u00e3o mais r\u00e1pida para o impasse.<\/p>\n\n\n\n<p>O piso salarial para enfermeiros foi&nbsp;<a href=\"https:\/\/agenciabrasil.ebc.com.br\/geral\/noticia\/2022-08\/lei-que-institui-piso-para-enfermagem-entra-em-vigor\" target=\"_blank\" rel=\"noreferrer noopener\">aprovado pelo Congresso Nacional<\/a>&nbsp;no valor de R$ 4.750, sendo 70% desse valor &#8211; R$ 3.325 &#8211; aos t\u00e9cnicos de enfermagem; e 50% &#8211; R$ 3.325 &#8211; aos auxiliares de enfermagem e parteiras.<\/p>\n\n\n\n<p>Fonte: Ag\u00eancia Brasil<\/p>\n","protected":false},"excerpt":{"rendered":"<p>Informa\u00e7\u00e3o foi divulgada pelo relator geral do Or\u00e7amento de 2023 O Senado pretende votar antes do primeiro turno das elei\u00e7\u00f5es o&nbsp;Projeto de Lei Complementar 44\/2022, que permite que estados e&hellip;<\/p>\n","protected":false},"author":1,"featured_media":88322,"comment_status":"closed","ping_status":"closed","sticky":false,"template":"","format":"standard","meta":{"_lmt_disableupdate":"","_lmt_disable":"","footnotes":""},"categories":[84,1855],"tags":[13984,102,128],"powerkit_post_featured":[],"class_list":{"0":"post-88321","1":"post","2":"type-post","3":"status-publish","4":"format-standard","5":"has-post-thumbnail","7":"category-brasil","8":"category-saude","9":"tag-piso-da-enfermagem","10":"tag-senado","11":"tag-votacao"},"modified_by":null,"_links":{"self":[{"href":"https:\/\/radiosolaris.com.br\/beta\/wp-json\/wp\/v2\/posts\/88321","targetHints":{"allow":["GET"]}}],"collection":[{"href":"https:\/\/radiosolaris.com.br\/beta\/wp-json\/wp\/v2\/posts"}],"about":[{"href":"https:\/\/radiosolaris.com.br\/beta\/wp-json\/wp\/v2\/types\/post"}],"author":[{"embeddable":true,"href":"https:\/\/radiosolaris.com.br\/beta\/wp-json\/wp\/v2\/users\/1"}],"replies":[{"embeddable":true,"href":"https:\/\/radiosolaris.com.br\/beta\/wp-json\/wp\/v2\/comments?post=88321"}],"version-history":[{"count":0,"href":"https:\/\/radiosolaris.com.br\/beta\/wp-json\/wp\/v2\/posts\/88321\/revisions"}],"wp:featuredmedia":[{"embeddable":true,"href":"https:\/\/radiosolaris.com.br\/beta\/wp-json\/wp\/v2\/media\/88322"}],"wp:attachment":[{"href":"https:\/\/radiosolaris.com.br\/beta\/wp-json\/wp\/v2\/media?parent=88321"}],"wp:term":[{"taxonomy":"category","embeddable":true,"href":"https:\/\/radiosolaris.com.br\/beta\/wp-json\/wp\/v2\/categories?post=88321"},{"taxonomy":"post_tag","embeddable":true,"href":"https:\/\/radiosolaris.com.br\/beta\/wp-json\/wp\/v2\/tags?post=88321"},{"taxonomy":"powerkit_post_featured","embeddable":true,"href":"https:\/\/radiosolaris.com.br\/beta\/wp-json\/wp\/v2\/powerkit_post_featured?post=88321"}],"curies":[{"name":"wp","href":"https:\/\/api.w.org\/{rel}","templated":true}]}}