{"id":88254,"date":"2022-09-19T13:37:01","date_gmt":"2022-09-19T16:37:01","guid":{"rendered":"https:\/\/radiosolaris.com.br\/beta\/?p=88254"},"modified":"2022-09-19T13:37:03","modified_gmt":"2022-09-19T16:37:03","slug":"prefeitura-de-nova-padua-arrecada-mais-de-r-390-mil-em-leilao-de-veiculos-e-maquinas","status":"publish","type":"post","link":"https:\/\/radiosolaris.com.br\/beta\/prefeitura-de-nova-padua-arrecada-mais-de-r-390-mil-em-leilao-de-veiculos-e-maquinas\/","title":{"rendered":"Prefeitura de Nova P\u00e1dua arrecada mais de R$ 390 mil em leil\u00e3o de ve\u00edculos e m\u00e1quinas"},"content":{"rendered":"\n<h4 id=\"o-leilao-foi-realizado-em-virtude-da-renovacao-do-parque-de-maquinas-da-prefeitura\" class=\"wp-block-heading\">O leil\u00e3o foi realizado em virtude da renova\u00e7\u00e3o do parque de m\u00e1quinas da prefeitura<\/h4>\n\n\n\n<p>A Prefeitura de Nova P\u00e1dua arrecadou R$ 392 mil no leil\u00e3o de ve\u00edculos e m\u00e1quinas. Realizado na tarde de quinta-feira (15), dos sete ve\u00edculos dispon\u00edveis para aliena\u00e7\u00e3o, somente a motoniveladora n\u00e3o foi arrematada.<\/p>\n\n\n\n<p>De acordo com o prefeito Danrlei Pilatti, o leil\u00e3o ocorreu em virtude da renova\u00e7\u00e3o do parque de m\u00e1quinas que est\u00e1 sendo realizada desde o in\u00edcio da atual administra\u00e7\u00e3o. Sendo assim, alguns ve\u00edculos e maquin\u00e1rios, com altos custos de manuten\u00e7\u00e3o, foram a leiloados para a popula\u00e7\u00e3o interessada.<\/p>\n","protected":false},"excerpt":{"rendered":"<p>O leil\u00e3o foi realizado em virtude da renova\u00e7\u00e3o do parque de m\u00e1quinas da prefeitura A Prefeitura de Nova P\u00e1dua arrecadou R$ 392 mil no leil\u00e3o de ve\u00edculos e m\u00e1quinas. Realizado&hellip;<\/p>\n","protected":false},"author":16,"featured_media":39432,"comment_status":"closed","ping_status":"closed","sticky":false,"template":"","format":"standard","meta":{"_lmt_disableupdate":"","_lmt_disable":"","footnotes":""},"categories":[83],"tags":[392,13941,13939,13942,13940,167,992,283],"powerkit_post_featured":[],"class_list":{"0":"post-88254","1":"post","2":"type-post","3":"status-publish","4":"format-standard","5":"has-post-thumbnail","7":"category-serra-gaucha","8":"tag-leilao","9":"tag-leilao-de-maquinas","10":"tag-leilao-de-nova-padua","11":"tag-leilao-de-veiculos","12":"tag-leilao-de-veiculos-e-maquinas","13":"tag-nova-padua","14":"tag-serra","15":"tag-serra-gaucha"},"modified_by":"Bruna Picinini","_links":{"self":[{"href":"https:\/\/radiosolaris.com.br\/beta\/wp-json\/wp\/v2\/posts\/88254","targetHints":{"allow":["GET"]}}],"collection":[{"href":"https:\/\/radiosolaris.com.br\/beta\/wp-json\/wp\/v2\/posts"}],"about":[{"href":"https:\/\/radiosolaris.com.br\/beta\/wp-json\/wp\/v2\/types\/post"}],"author":[{"embeddable":true,"href":"https:\/\/radiosolaris.com.br\/beta\/wp-json\/wp\/v2\/users\/16"}],"replies":[{"embeddable":true,"href":"https:\/\/radiosolaris.com.br\/beta\/wp-json\/wp\/v2\/comments?post=88254"}],"version-history":[{"count":0,"href":"https:\/\/radiosolaris.com.br\/beta\/wp-json\/wp\/v2\/posts\/88254\/revisions"}],"wp:featuredmedia":[{"embeddable":true,"href":"https:\/\/radiosolaris.com.br\/beta\/wp-json\/wp\/v2\/media\/39432"}],"wp:attachment":[{"href":"https:\/\/radiosolaris.com.br\/beta\/wp-json\/wp\/v2\/media?parent=88254"}],"wp:term":[{"taxonomy":"category","embeddable":true,"href":"https:\/\/radiosolaris.com.br\/beta\/wp-json\/wp\/v2\/categories?post=88254"},{"taxonomy":"post_tag","embeddable":true,"href":"https:\/\/radiosolaris.com.br\/beta\/wp-json\/wp\/v2\/tags?post=88254"},{"taxonomy":"powerkit_post_featured","embeddable":true,"href":"https:\/\/radiosolaris.com.br\/beta\/wp-json\/wp\/v2\/powerkit_post_featured?post=88254"}],"curies":[{"name":"wp","href":"https:\/\/api.w.org\/{rel}","templated":true}]}}