{"id":88203,"date":"2022-09-19T08:17:02","date_gmt":"2022-09-19T11:17:02","guid":{"rendered":"https:\/\/radiosolaris.com.br\/beta\/?p=88203"},"modified":"2022-09-19T08:17:06","modified_gmt":"2022-09-19T11:17:06","slug":"briga-generalizada-termina-com-homem-baleado-em-caxias-do-sul","status":"publish","type":"post","link":"https:\/\/radiosolaris.com.br\/beta\/briga-generalizada-termina-com-homem-baleado-em-caxias-do-sul\/","title":{"rendered":"Briga generalizada termina com homem baleado em Caxias do Sul"},"content":{"rendered":"\n<h4 id=\"carros-com-som-alto-estavam-em-um-posto-de-combustiveis-no-bairro-sagrada-familia-quando-comecou-a-confusao\" class=\"wp-block-heading\">Carros com som alto estavam em um posto de combust\u00edveis no bairro Sagrada Fam\u00edlia, quando come\u00e7ou a confus\u00e3o<\/h4>\n\n\n\n<p>Uma briga generalizada entre frequentadores de um posto de combust\u00edveis, no bairro Sagrada Fam\u00edlia, em Caxias do Sul, resultou em um homem baleado. O fato foi registrado na noite deste domingo (18), no estabelecimento que fica na Perimetral Norte.<\/p>\n\n\n\n<p>Diversos carros com som alto estavam no local no momento em que come\u00e7ou a confus\u00e3o. A Brigada Militar (BM) foi acionada e quando chegou no local encontrou a v\u00edtima baleada. O homem foi encaminhado ao Hospital Pomp\u00e9ia para atendimento m\u00e9dico.<\/p>\n\n\n\n<p><\/p>\n","protected":false},"excerpt":{"rendered":"<p>Carros com som alto estavam em um posto de combust\u00edveis no bairro Sagrada Fam\u00edlia, quando come\u00e7ou a confus\u00e3o Uma briga generalizada entre frequentadores de um posto de combust\u00edveis, no bairro&hellip;<\/p>\n","protected":false},"author":19,"featured_media":84828,"comment_status":"closed","ping_status":"closed","sticky":false,"template":"","format":"standard","meta":{"_lmt_disableupdate":"","_lmt_disable":"","footnotes":""},"categories":[83],"tags":[12462,13932,247,148,12088,283],"powerkit_post_featured":[],"class_list":{"0":"post-88203","1":"post","2":"type-post","3":"status-publish","4":"format-standard","5":"has-post-thumbnail","7":"category-serra-gaucha","8":"tag-bairro-sagrada-familia","9":"tag-briga-generalizada","10":"tag-brigada-militar","11":"tag-caxias-do-sul","12":"tag-homem-baleado","13":"tag-serra-gaucha"},"modified_by":"Luciano Pettorini","_links":{"self":[{"href":"https:\/\/radiosolaris.com.br\/beta\/wp-json\/wp\/v2\/posts\/88203","targetHints":{"allow":["GET"]}}],"collection":[{"href":"https:\/\/radiosolaris.com.br\/beta\/wp-json\/wp\/v2\/posts"}],"about":[{"href":"https:\/\/radiosolaris.com.br\/beta\/wp-json\/wp\/v2\/types\/post"}],"author":[{"embeddable":true,"href":"https:\/\/radiosolaris.com.br\/beta\/wp-json\/wp\/v2\/users\/19"}],"replies":[{"embeddable":true,"href":"https:\/\/radiosolaris.com.br\/beta\/wp-json\/wp\/v2\/comments?post=88203"}],"version-history":[{"count":0,"href":"https:\/\/radiosolaris.com.br\/beta\/wp-json\/wp\/v2\/posts\/88203\/revisions"}],"wp:featuredmedia":[{"embeddable":true,"href":"https:\/\/radiosolaris.com.br\/beta\/wp-json\/wp\/v2\/media\/84828"}],"wp:attachment":[{"href":"https:\/\/radiosolaris.com.br\/beta\/wp-json\/wp\/v2\/media?parent=88203"}],"wp:term":[{"taxonomy":"category","embeddable":true,"href":"https:\/\/radiosolaris.com.br\/beta\/wp-json\/wp\/v2\/categories?post=88203"},{"taxonomy":"post_tag","embeddable":true,"href":"https:\/\/radiosolaris.com.br\/beta\/wp-json\/wp\/v2\/tags?post=88203"},{"taxonomy":"powerkit_post_featured","embeddable":true,"href":"https:\/\/radiosolaris.com.br\/beta\/wp-json\/wp\/v2\/powerkit_post_featured?post=88203"}],"curies":[{"name":"wp","href":"https:\/\/api.w.org\/{rel}","templated":true}]}}