{"id":88168,"date":"2022-09-17T10:56:02","date_gmt":"2022-09-17T13:56:02","guid":{"rendered":"https:\/\/radiosolaris.com.br\/beta\/?p=88168"},"modified":"2022-09-17T10:56:05","modified_gmt":"2022-09-17T13:56:05","slug":"acidente-deixa-idosa-e-crianca-feridas-na-br-116-em-caxias-do-sul","status":"publish","type":"post","link":"https:\/\/radiosolaris.com.br\/beta\/acidente-deixa-idosa-e-crianca-feridas-na-br-116-em-caxias-do-sul\/","title":{"rendered":"Acidente deixa idosa e crian\u00e7a feridas na BR-116 em Caxias do Sul"},"content":{"rendered":"\n<h4 id=\"menina-de-cinco-anos-e-idosa-de-60-foram-encaminhadas-ao-hospital-com-ferimentos-leves\" class=\"wp-block-heading\">Menina de cinco anos e idosa de 60 foram encaminhadas ao hospital com ferimentos leves<\/h4>\n\n\n\n<p>Uma crian\u00e7a de cinco anos e um idoso de 60 anos ficaram levemente feridas em um acidente de tr\u00e2nsito na BR-116 em Caxias do Sul. O fato foi registrado por volta das 9h da manh\u00e3 deste s\u00e1bado (17), no km 149 da rodovia.<\/p>\n\n\n\n<p>De acordo com a Pol\u00edcia Rodovi\u00e1ria Federal (PRF), um GM\/Prisma Joy e um Fiat\/Uno, ambos com placas de Caxias, colidiram transversalmente. Uma menina de cinco anos que estava no Prisma foi encaminhada ao hospital do C\u00edrculo com ferimentos leves. A idosa, tamb\u00e9m com ferimentos leves, foi encaminhada \u00e0 UPA Zona Norte.<\/p>\n\n\n\n<p>De acordo a PRF, o motorista do Uno n\u00e3o era habilitado. A pista est\u00e1 liberada no local.<\/p>\n\n\n\n<p><\/p>\n","protected":false},"excerpt":{"rendered":"<p>Menina de cinco anos e idosa de 60 foram encaminhadas ao hospital com ferimentos leves Uma crian\u00e7a de cinco anos e um idoso de 60 anos ficaram levemente feridas em&hellip;<\/p>\n","protected":false},"author":19,"featured_media":62918,"comment_status":"closed","ping_status":"closed","sticky":false,"template":"","format":"standard","meta":{"_lmt_disableupdate":"","_lmt_disable":"","footnotes":""},"categories":[83],"tags":[1015,148,301,283],"powerkit_post_featured":[],"class_list":{"0":"post-88168","1":"post","2":"type-post","3":"status-publish","4":"format-standard","5":"has-post-thumbnail","7":"category-serra-gaucha","8":"tag-br-116","9":"tag-caxias-do-sul","10":"tag-prf","11":"tag-serra-gaucha"},"modified_by":"Luciano Pettorini","_links":{"self":[{"href":"https:\/\/radiosolaris.com.br\/beta\/wp-json\/wp\/v2\/posts\/88168","targetHints":{"allow":["GET"]}}],"collection":[{"href":"https:\/\/radiosolaris.com.br\/beta\/wp-json\/wp\/v2\/posts"}],"about":[{"href":"https:\/\/radiosolaris.com.br\/beta\/wp-json\/wp\/v2\/types\/post"}],"author":[{"embeddable":true,"href":"https:\/\/radiosolaris.com.br\/beta\/wp-json\/wp\/v2\/users\/19"}],"replies":[{"embeddable":true,"href":"https:\/\/radiosolaris.com.br\/beta\/wp-json\/wp\/v2\/comments?post=88168"}],"version-history":[{"count":0,"href":"https:\/\/radiosolaris.com.br\/beta\/wp-json\/wp\/v2\/posts\/88168\/revisions"}],"wp:featuredmedia":[{"embeddable":true,"href":"https:\/\/radiosolaris.com.br\/beta\/wp-json\/wp\/v2\/media\/62918"}],"wp:attachment":[{"href":"https:\/\/radiosolaris.com.br\/beta\/wp-json\/wp\/v2\/media?parent=88168"}],"wp:term":[{"taxonomy":"category","embeddable":true,"href":"https:\/\/radiosolaris.com.br\/beta\/wp-json\/wp\/v2\/categories?post=88168"},{"taxonomy":"post_tag","embeddable":true,"href":"https:\/\/radiosolaris.com.br\/beta\/wp-json\/wp\/v2\/tags?post=88168"},{"taxonomy":"powerkit_post_featured","embeddable":true,"href":"https:\/\/radiosolaris.com.br\/beta\/wp-json\/wp\/v2\/powerkit_post_featured?post=88168"}],"curies":[{"name":"wp","href":"https:\/\/api.w.org\/{rel}","templated":true}]}}