{"id":88121,"date":"2022-09-16T16:13:32","date_gmt":"2022-09-16T19:13:32","guid":{"rendered":"https:\/\/radiosolaris.com.br\/beta\/?p=88121"},"modified":"2022-09-16T16:28:05","modified_gmt":"2022-09-16T19:28:05","slug":"grupo-solaris-realiza-entrevista-com-candidatos-ao-governo-do-estado","status":"publish","type":"post","link":"https:\/\/radiosolaris.com.br\/beta\/grupo-solaris-realiza-entrevista-com-candidatos-ao-governo-do-estado\/","title":{"rendered":"Grupo Solaris realiza entrevista com candidatos ao Governo do Estado"},"content":{"rendered":"\n<h4 id=\"os-candidatos-edegar-pretto-eduardo-leite-luis-carlos-heinze-roberto-argenta-e-vieira-da-cunha-devem-participar-onyx-lorenzoni-foi-convidado-mas-nao-confirmou-sua-presenca\" class=\"wp-block-heading\">Os candidatos Edegar Pretto, Eduardo Leite, Luis Carlos Heinze, Roberto Argenta e Vieira da Cunha devem participar; Onyx Lorenzoni foi convidado, mas n\u00e3o confirmou sua presen\u00e7a<\/h4>\n\n\n\n<p>Faltando menos de duas semanas para as elei\u00e7\u00f5es, o Grupo Solaris de Comunica\u00e7\u00e3o inicia, na pr\u00f3xima ter\u00e7a-feira (20) \u2013 feriado da Revolu\u00e7\u00e3o Farroupilha \u2013 uma s\u00e9rie de entrevistas com os candidatos ao governo do Estado mais bem colocados na pesquisa eleitoral Ipec divulgada em 2 de setembro, pelo Grupo RBS**. Ao todo, ser\u00e3o cinco entrevistas veiculadas nas emissoras Solaris FM 99.1 (de Flores da Cunha) e Solaris FM 97.3 (Ant\u00f4nio Prado). Al\u00e9m disso, haver\u00e1 transmiss\u00e3o nas p\u00e1ginas do Facebook @solaris973fm e @solaris991fm.<\/p>\n\n\n\n<p>Foram convidados os candidatos Eduardo Leite (PSDB), Onyx Lorenzoni (PL), Edegar Pretto (PT), Luis Carlos Heinze (PP), Roberto Argenta (PSC) e Vieira da Cunha (PDT). Como Argenta e Viera da Cunha estavam empatados na pesquisa, os dois foram convidados a participar. Inicialmente seriam realizadas entrevistas com os cinco primeiros na pesquisa, por\u00e9m, como os candidatos Argenta e Viera da Cunha estavam empatados, em quinto e sexto lugar respectivamente, ambos foram convidados a participar. A assessoria de Onyx n\u00e3o confirmou a participa\u00e7\u00e3o do candidato at\u00e9 a \u00faltima atualiza\u00e7\u00e3o desta reportagem.<\/p>\n\n\n\n<p>A diretora do Grupo Solaris de Comunica\u00e7\u00e3o, Maria Teresa Fortuna afirma que a empresa, fundada em 1988 \u2013 mesmo ano da promulga\u00e7\u00e3o da Constitui\u00e7\u00e3o Federal \u2013, \u201creafirma seu compromisso com a democracia, oferendo ao ouvinte da Serra ga\u00facha a possibilidade de conhecer e ouvir os candidatos, analisar as propostas e escolher qual \u00e9 o melhor nome para ocupar o cargo de governador a partir do ano que vem\u201d, destaca ela. &nbsp;<\/p>\n\n\n\n<p>As entrevistas, realizadas via plataforma digital, ter\u00e3o dura\u00e7\u00e3o de 15 minutos, acrescida de um minuto para considera\u00e7\u00f5es finais. Al\u00e9m das entrevistas, as emissoras tamb\u00e9m est\u00e3o preparando uma programa\u00e7\u00e3o especial para realizar a cobertura completa dos principais fatos que devem marcar o primeiro e o segundo turno das elei\u00e7\u00f5es, que ocorrem nos dias 2 e 30 de outubro, respectivamente.<\/p>\n\n\n\n<p>*A pesquisa contratada pela RBS foi realizada com 1,2 mil pessoas em 62 munic\u00edpios do Estado, entre 30 de agosto e 1\u00ba de setembro. O levantamento foi registrado no TRE-RS sob o n\u00famero RS-07668\/2022.<\/p>\n\n\n\n<h3 id=\"confira-a-agenda\" class=\"wp-block-heading\"><strong>CONFIRA A AGENDA<\/strong><\/h3>\n\n\n\n<p><strong>Entrevista com o candidato Edegar Pretto (PT)<br><\/strong>Dia 20 de setembro \u2013 \u00e0s 10h50min<\/p>\n\n\n\n<p><strong>Entrevista com o candidato Eduardo Leite (PDSB)<br><\/strong>Dia 21 de setembro \u2013 \u00e0s 17h<\/p>\n\n\n\n<p><strong>Entrevista com o candidato Luis Carlos Heinze (PP)<br><\/strong>Dia 22 de setembro \u2013 \u00e0s 14h30min<\/p>\n\n\n\n<p><strong>Entrevista com o candidato Vieira da Cunha (PDT)<br><\/strong>Dia 24 de setembro \u2013 \u00e0s 14h<\/p>\n\n\n\n<p><strong>Entrevista com o candidato Roberto Argenta (PSC)<br><\/strong>Dia 27 de setembro \u2013 \u00e0s 14h<\/p>\n","protected":false},"excerpt":{"rendered":"<p>Os candidatos Edegar Pretto, Eduardo Leite, Luis Carlos Heinze, Roberto Argenta e Vieira da Cunha devem participar; Onyx Lorenzoni foi convidado, mas n\u00e3o confirmou sua presen\u00e7a Faltando menos de duas&hellip;<\/p>\n","protected":false},"author":13,"featured_media":88129,"comment_status":"closed","ping_status":"closed","sticky":false,"template":"","format":"standard","meta":{"_lmt_disableupdate":"","_lmt_disable":"","footnotes":""},"categories":[83],"tags":[143,13914,148,4403,1630,10554,12934,4990,114,12938,13916,992,283,13915],"powerkit_post_featured":[],"class_list":{"0":"post-88121","1":"post","2":"type-post","3":"status-publish","4":"format-standard","5":"has-post-thumbnail","7":"category-serra-gaucha","8":"tag-antonio-prado","9":"tag-candidatos-a-governador","10":"tag-caxias-do-sul","11":"tag-edegar-pretto","12":"tag-eduardo-leite","13":"tag-eleicoes-2022","14":"tag-eleicoes-governo-do-estado","15":"tag-entrevistas","16":"tag-flores-da-cunha","17":"tag-luis-carlos-heinze","18":"tag-roberto-argenta","19":"tag-serra","20":"tag-serra-gaucha","21":"tag-vieira-da-cunha"},"modified_by":"Filipe Brogliatto","_links":{"self":[{"href":"https:\/\/radiosolaris.com.br\/beta\/wp-json\/wp\/v2\/posts\/88121","targetHints":{"allow":["GET"]}}],"collection":[{"href":"https:\/\/radiosolaris.com.br\/beta\/wp-json\/wp\/v2\/posts"}],"about":[{"href":"https:\/\/radiosolaris.com.br\/beta\/wp-json\/wp\/v2\/types\/post"}],"author":[{"embeddable":true,"href":"https:\/\/radiosolaris.com.br\/beta\/wp-json\/wp\/v2\/users\/13"}],"replies":[{"embeddable":true,"href":"https:\/\/radiosolaris.com.br\/beta\/wp-json\/wp\/v2\/comments?post=88121"}],"version-history":[{"count":0,"href":"https:\/\/radiosolaris.com.br\/beta\/wp-json\/wp\/v2\/posts\/88121\/revisions"}],"wp:featuredmedia":[{"embeddable":true,"href":"https:\/\/radiosolaris.com.br\/beta\/wp-json\/wp\/v2\/media\/88129"}],"wp:attachment":[{"href":"https:\/\/radiosolaris.com.br\/beta\/wp-json\/wp\/v2\/media?parent=88121"}],"wp:term":[{"taxonomy":"category","embeddable":true,"href":"https:\/\/radiosolaris.com.br\/beta\/wp-json\/wp\/v2\/categories?post=88121"},{"taxonomy":"post_tag","embeddable":true,"href":"https:\/\/radiosolaris.com.br\/beta\/wp-json\/wp\/v2\/tags?post=88121"},{"taxonomy":"powerkit_post_featured","embeddable":true,"href":"https:\/\/radiosolaris.com.br\/beta\/wp-json\/wp\/v2\/powerkit_post_featured?post=88121"}],"curies":[{"name":"wp","href":"https:\/\/api.w.org\/{rel}","templated":true}]}}