{"id":88098,"date":"2022-09-16T13:29:53","date_gmt":"2022-09-16T16:29:53","guid":{"rendered":"https:\/\/radiosolaris.com.br\/beta\/?p=88098"},"modified":"2022-09-16T13:29:57","modified_gmt":"2022-09-16T16:29:57","slug":"nova-padua-escolhe-rainha-e-princesas-da-15a-feprocol","status":"publish","type":"post","link":"https:\/\/radiosolaris.com.br\/beta\/nova-padua-escolhe-rainha-e-princesas-da-15a-feprocol\/","title":{"rendered":"Nova P\u00e1dua escolhe rainha e princesas da 15\u00aa Feprocol"},"content":{"rendered":"\n<h4 id=\"o-evento-ocorre-neste-sabado-17-e-tera-transmissao-da-radio-solaris-fm-99-1-diretamente-do-centro-da-festa\" class=\"wp-block-heading\">O evento ocorre neste s\u00e1bado (17) e ter\u00e1 transmiss\u00e3o da R\u00e1dio Solaris FM 99.1 diretamente do centro da festa<\/h4>\n\n\n\n<p>A escolha do trio de soberanas que vai representar a 15\u00aa Festa dos Produtos Coloniais (Feprocol) de Nova P\u00e1dua ocorre na noite deste s\u00e1bado (17). O evento ter\u00e1 transmiss\u00e3o especial da R\u00e1dio Solaris FM 99.1 pelo Facebook (@solaris991fm) e pelo Youtube \u2018Grupo Solaris\u2019. As 10 candidatas ao t\u00edtulo de Rainha e Princesas desfilam no Sal\u00e3o Paroquial do munic\u00edpio para os jurados e o p\u00fablico presente <em>(confira quem s\u00e3o as candidatas <a href=\"https:\/\/radiosolaris.com.br\/beta\/conheca-as-10-candidatas-a-soberanas-da-feprocol-de-nova-padua\/\" data-type=\"URL\" data-id=\"https:\/\/radiosolaris.com.br\/beta\/conheca-as-10-candidatas-a-soberanas-da-feprocol-de-nova-padua\/\" target=\"_blank\" rel=\"noreferrer noopener\">aqui<\/a>).<\/em><\/p>\n\n\n\n<p>O evento est\u00e1 marcado para iniciar 20h, mas a Solaris estar\u00e1 transmitindo o evento desde \u00e0s 19h30min, com coment\u00e1rios diretamente de um espa\u00e7o selecionado no centro da festa. Os comunicadores Bruna Picinini e Filipe Brogliatto e a rainha da edi\u00e7\u00e3o de 1998 da Feprocol, Patr\u00edcia Salvador, estar\u00e3o comentando a desenvoltura das candidatas durante o desfile.<\/p>\n\n\n\n<p>Durante o intervalo, que contar\u00e1 com a apresenta\u00e7\u00e3o da Banda Rosas, os jurados devem se reunir para posteriormente apresentar as escolhidas. Na ocasi\u00e3o, a atual rainha J\u00falia Menegat e as princesas Andrezza Piroli Tonello e Renata Zampieri, devem entregar o posto para as novas escolhidas.<\/p>\n\n\n\n<p>Al\u00e9m da transmiss\u00e3o ao vivo pelas redes sociais da Solaris, o p\u00fablico pode acompanhar fotos e stories do evento. Na segunda (19), o trio selecionado para representar Nova P\u00e1dua, estar\u00e1 presente no programa \u2018Melhor da Tarde\u2019 da R\u00e1dio Solaris.<\/p>\n\n\n\n<p class=\"has-medium-font-size\"><em><strong>CONHE\u00c7A A HIST\u00d3RIA DA FEPROCOL<\/strong><\/em><\/p>\n\n\n\n<p>A Feprocol &#8211; Festa de Produtos Coloniais teve origem no cronograma de festejos do anivers\u00e1rio de 70 anos da Banda Santa Cec\u00edlia, que atualmente mant\u00eam o status de mais antiga banda do estado em atividade ininterrupta.<\/p>\n\n\n\n<p>O fundador da Feprocol foi Angelo Araldi, prefeito de Flores da Cunha, munic\u00edpio ao qual Nova P\u00e1dua era pertencente at\u00e9 1992. O conterr\u00e2neo do pequeno para\u00edso italiano, como o munic\u00edpio \u00e9 popularmente conhecido, pretendia por interm\u00e9dio deste evento, divulgar o trabalho e a tradi\u00e7\u00e3o de seu povo.<\/p>\n\n\n\n<p>Na \u00e9poca, Nova P\u00e1dua era o maior Distrito de Flores da Cunha e vinha se destacando economicamente com sua base fundamentada na agricultura.<\/p>\n\n\n\n<p>Ocorreu no Sal\u00e3o Paroquial de ent\u00e3o primeiro distrito florense, uma reuni\u00e3o com o intuito de promover uma festa que exaltasse e divulgasse o resultado que as estat\u00edsticas estavam mostrando &#8211; uma agricultura de qualidade. Neste mesmo encontro, decidiu-se o nome do evento que seria &#8220;Feira de Produtos Coloniais.&#8221;<\/p>\n","protected":false},"excerpt":{"rendered":"<p>O evento ocorre neste s\u00e1bado (17) e ter\u00e1 transmiss\u00e3o da R\u00e1dio Solaris FM 99.1 diretamente do centro da festa A escolha do trio de soberanas que vai representar a 15\u00aa&hellip;<\/p>\n","protected":false},"author":16,"featured_media":86775,"comment_status":"closed","ping_status":"closed","sticky":false,"template":"","format":"standard","meta":{"_lmt_disableupdate":"","_lmt_disable":"","footnotes":""},"categories":[83],"tags":[12642,13896,13897,13898,13899,13900,10669,10670,13901,10947,13902,13903,167,169,3182,13895,992,283,13904],"powerkit_post_featured":[],"class_list":{"0":"post-88098","1":"post","2":"type-post","3":"status-publish","4":"format-standard","5":"has-post-thumbnail","7":"category-serra-gaucha","8":"tag-15a-feprocol","9":"tag-aline-marin","10":"tag-andressa-pan-bandiera","11":"tag-angelica-tonello","12":"tag-deise-rech-fabian","13":"tag-erika-scariot-bernardi","14":"tag-feprocol","15":"tag-festa-de-produtos-coloniais","16":"tag-genaize-bianchin-goncalves","17":"tag-leticia-alessi","18":"tag-mariana-borella","19":"tag-milena-chiarani","20":"tag-nova-padua","21":"tag-radio-solaris","22":"tag-radio-solaris-fm-99-1","23":"tag-salao-paroquial-nova-padua","24":"tag-serra","25":"tag-serra-gaucha","26":"tag-thaisa-pan-gizeria"},"modified_by":"Bruna Picinini","_links":{"self":[{"href":"https:\/\/radiosolaris.com.br\/beta\/wp-json\/wp\/v2\/posts\/88098","targetHints":{"allow":["GET"]}}],"collection":[{"href":"https:\/\/radiosolaris.com.br\/beta\/wp-json\/wp\/v2\/posts"}],"about":[{"href":"https:\/\/radiosolaris.com.br\/beta\/wp-json\/wp\/v2\/types\/post"}],"author":[{"embeddable":true,"href":"https:\/\/radiosolaris.com.br\/beta\/wp-json\/wp\/v2\/users\/16"}],"replies":[{"embeddable":true,"href":"https:\/\/radiosolaris.com.br\/beta\/wp-json\/wp\/v2\/comments?post=88098"}],"version-history":[{"count":0,"href":"https:\/\/radiosolaris.com.br\/beta\/wp-json\/wp\/v2\/posts\/88098\/revisions"}],"wp:featuredmedia":[{"embeddable":true,"href":"https:\/\/radiosolaris.com.br\/beta\/wp-json\/wp\/v2\/media\/86775"}],"wp:attachment":[{"href":"https:\/\/radiosolaris.com.br\/beta\/wp-json\/wp\/v2\/media?parent=88098"}],"wp:term":[{"taxonomy":"category","embeddable":true,"href":"https:\/\/radiosolaris.com.br\/beta\/wp-json\/wp\/v2\/categories?post=88098"},{"taxonomy":"post_tag","embeddable":true,"href":"https:\/\/radiosolaris.com.br\/beta\/wp-json\/wp\/v2\/tags?post=88098"},{"taxonomy":"powerkit_post_featured","embeddable":true,"href":"https:\/\/radiosolaris.com.br\/beta\/wp-json\/wp\/v2\/powerkit_post_featured?post=88098"}],"curies":[{"name":"wp","href":"https:\/\/api.w.org\/{rel}","templated":true}]}}