{"id":88082,"date":"2022-09-16T09:34:16","date_gmt":"2022-09-16T12:34:16","guid":{"rendered":"https:\/\/radiosolaris.com.br\/beta\/?p=88082"},"modified":"2022-09-16T09:34:19","modified_gmt":"2022-09-16T12:34:19","slug":"central-de-matriculas-de-caxias-do-sul-vai-para-novo-endereco","status":"publish","type":"post","link":"https:\/\/radiosolaris.com.br\/beta\/central-de-matriculas-de-caxias-do-sul-vai-para-novo-endereco\/","title":{"rendered":"Central de Matr\u00edculas de Caxias do Sul vai para novo endere\u00e7o"},"content":{"rendered":"\n<h4 id=\"unidade-de-inscricao-de-estudantes-para-as-redes-municipal-e-estadual-tambem-adotara-novo-horario\" class=\"wp-block-heading\">Unidade de inscri\u00e7\u00e3o de estudantes para as redes municipal e estadual tamb\u00e9m adotar\u00e1 novo hor\u00e1rio<\/h4>\n\n\n\n<p>Nos pr\u00f3ximos dias, a Central de Matr\u00edculas, que gerencia a distribui\u00e7\u00e3o e designa\u00e7\u00e3o de vagas na rede p\u00fablica de ensino de Caxias do Sul ficar\u00e1 mais pr\u00f3xima da Secretaria Municipal de Educa\u00e7\u00e3o (SMED) \u2013 na localiza\u00e7\u00e3o e no per\u00edodo de expediente. A partir do dia 28, a unidade de refer\u00eancia para inscri\u00e7\u00e3o de estudantes em busca de vagas nas escolas municipais e estaduais come\u00e7ar\u00e1 a funcionar na Rua Ernesto Alves, 1535 (Centro), pr\u00f3ximo \u00e0 SMED. O novo hor\u00e1rio de atendimento externo, em sincronia com o da Secretaria, ser\u00e1 das 10h \u00e0s 16h.<\/p>\n\n\n\n<p>De acordo com a diretora administrativa da SMED, Sandra Kuhn, a mudan\u00e7a melhora o atendimento \u00e0 comunidade, por ser um local mais amplo e com adequa\u00e7\u00f5es de acessibilidade, al\u00e9m de que a proximidade e o ajuste de hor\u00e1rio com a Secretaria Municipal da Educa\u00e7\u00e3o (SMED) otimizam o gerenciamento.<\/p>\n\n\n\n<p>O atendimento no atual endere\u00e7o \u2013 Avenida J\u00falio de Castilhos, 2555 \u2013 ser\u00e1 encerrado no dia 23. Nos dias 26 e 27 n\u00e3o haver\u00e1 expediente externo, em fun\u00e7\u00e3o da mudan\u00e7a para o novo local. As atividades ser\u00e3o retomadas normalmente, j\u00e1 em novo pr\u00e9dio, no dia 28.<\/p>\n\n\n\n<p>A Central de Matr\u00edculas pode ser acionada pelos fones 996136702, 996138459 e 984295562, pelos n\u00fameros de WhatsApp 54 999768858 (munic\u00edpio) e 54 999552911 (estado) ou pelos e-mails matricula@edu.caxias.rs.gov.br (munic\u00edpio) e central-caxiasdosul@seduc.rs.gov.br (estado).<\/p>\n\n\n\n<p>O gerenciamento da opera\u00e7\u00e3o consiste em uma parceria entre Secretaria Estadual de Educa\u00e7\u00e3o (SEDUC), via 4\u00aa Coordenadoria Regional de Educa\u00e7\u00e3o (4\u00aa CRE), e SMED, com compartilhamento de espa\u00e7o f\u00edsico, bens m\u00f3veis, equipamentos, sistema PROCERGS e funcion\u00e1rios. E compreende vagas de toda rede p\u00fablica \u2013 Educa\u00e7\u00e3o Infantil (4 e 5 anos), Ensino Fundamental e Ensino M\u00e9dio.<\/p>\n\n\n\n<p>\u201cA Central de Matr\u00edculas surgiu com o intuito de facilitar a entrada no ensino p\u00fablico, centralizando todas as vagas das escolas p\u00fablicas. S\u00e3o oferecidas as vagas dispon\u00edveis na regi\u00e3o, pr\u00f3ximo \u00e0 resid\u00eancia do solicitante. A demanda \u00e9 sazonal, tanto nos anos escolares quanto nas regi\u00f5es desejados. Com base nesta procura, as duas secretarias e a Central estudam possibilidades e prop\u00f5em alternativas como abertura de novas turmas e oferta de transporte, por exemplo\u201d, explica Sandra Kuhn.<\/p>\n\n\n\n<p>J\u00e1 em novembro, estar\u00e1 aberta a primeira etapa de inscri\u00e7\u00f5es para o pr\u00f3ximo ano letivo, abrangendo Educa\u00e7\u00e3o Infantil, 1\u00ba ano do Ensino Fundamental e 1\u00ba ano do Ensino M\u00e9dio. Em janeiro, come\u00e7a a segunda etapa, destinada a Retardat\u00e1rios, Transfer\u00eancias do 2\u00ba ao 9\u00ba ano dos Ensinos Fundamental e dos 2\u00ba e 3\u00ba anos do Ensino M\u00e9dio.<\/p>\n\n\n\n<p>A classifica\u00e7\u00e3o se dar\u00e1 a partir das crian\u00e7as mais velhas para as vagas da Educa\u00e7\u00e3o Infantil, e dos estudantes mais novos para as vagas do Ensino Fundamental. Durante o restante do ano s\u00e3o realizadas transfer\u00eancias conforme a solicita\u00e7\u00e3o das fam\u00edlias. Quando n\u00e3o houver vaga dispon\u00edvel, o estudante ser\u00e1 inclu\u00eddo na lista de espera.<\/p>\n\n\n\n<p><\/p>\n\n\n\n<figure class=\"wp-block-image size-full\"><img  loading=\"lazy\"  decoding=\"async\"  width=\"1000\"  height=\"667\"  src=\"data:image\/png;base64,iVBORw0KGgoAAAANSUhEUgAAA+gAAAKbAQMAAABcrDJ8AAAAA1BMVEUAAP+KeNJXAAAAAXRSTlMAQObYZgAAAAlwSFlzAAAOxAAADsQBlSsOGwAAAGhJREFUeNrtwQENAAAAwqD3T20ON6AAAAAAAAAAAAAAAAAAAAAAAAAAAAAAAAAAAAAAAAAAAAAAAAAAAAAAAAAAAAAAAAAAAAAAAAAAAAAAAAAAAAAAAAAAAAAAAAAAAAAAAAAAAAD4NkhZAAElH6lCAAAAAElFTkSuQmCC\"  alt=\"\"  class=\"wp-image-88083 pk-lazyload\"  data-pk-sizes=\"auto\"  data-ls-sizes=\"auto, (max-width: 1000px) 100vw, 1000px\"  data-pk-src=\"https:\/\/radiosolaris.com.br\/beta\/wp-content\/uploads\/2022\/09\/81d99bca-8f36-46c0-b690-4bff82f91a8f_1000.jpg\"  data-pk-srcset=\"https:\/\/radiosolaris.com.br\/beta\/wp-content\/uploads\/2022\/09\/81d99bca-8f36-46c0-b690-4bff82f91a8f_1000.jpg 1000w, https:\/\/radiosolaris.com.br\/beta\/wp-content\/uploads\/2022\/09\/81d99bca-8f36-46c0-b690-4bff82f91a8f_1000-800x534.jpg 800w\" ><figcaption>Foto: Elisabete Bianchi<\/figcaption><\/figure>\n\n\n\n<p><\/p>\n","protected":false},"excerpt":{"rendered":"<p>Unidade de inscri\u00e7\u00e3o de estudantes para as redes municipal e estadual tamb\u00e9m adotar\u00e1 novo hor\u00e1rio Nos pr\u00f3ximos dias, a Central de Matr\u00edculas, que gerencia a distribui\u00e7\u00e3o e designa\u00e7\u00e3o de vagas&hellip;<\/p>\n","protected":false},"author":19,"featured_media":88083,"comment_status":"closed","ping_status":"closed","sticky":false,"template":"","format":"standard","meta":{"_lmt_disableupdate":"","_lmt_disable":"","footnotes":""},"categories":[83],"tags":[148,10702,182,1237,13887,1735,283],"powerkit_post_featured":[],"class_list":{"0":"post-88082","1":"post","2":"type-post","3":"status-publish","4":"format-standard","5":"has-post-thumbnail","7":"category-serra-gaucha","8":"tag-caxias-do-sul","9":"tag-central-de-matriculas","10":"tag-educacao","11":"tag-ensino","12":"tag-novo-endereco","13":"tag-rede-municipal","14":"tag-serra-gaucha"},"modified_by":"Luciano Pettorini","_links":{"self":[{"href":"https:\/\/radiosolaris.com.br\/beta\/wp-json\/wp\/v2\/posts\/88082","targetHints":{"allow":["GET"]}}],"collection":[{"href":"https:\/\/radiosolaris.com.br\/beta\/wp-json\/wp\/v2\/posts"}],"about":[{"href":"https:\/\/radiosolaris.com.br\/beta\/wp-json\/wp\/v2\/types\/post"}],"author":[{"embeddable":true,"href":"https:\/\/radiosolaris.com.br\/beta\/wp-json\/wp\/v2\/users\/19"}],"replies":[{"embeddable":true,"href":"https:\/\/radiosolaris.com.br\/beta\/wp-json\/wp\/v2\/comments?post=88082"}],"version-history":[{"count":0,"href":"https:\/\/radiosolaris.com.br\/beta\/wp-json\/wp\/v2\/posts\/88082\/revisions"}],"wp:featuredmedia":[{"embeddable":true,"href":"https:\/\/radiosolaris.com.br\/beta\/wp-json\/wp\/v2\/media\/88083"}],"wp:attachment":[{"href":"https:\/\/radiosolaris.com.br\/beta\/wp-json\/wp\/v2\/media?parent=88082"}],"wp:term":[{"taxonomy":"category","embeddable":true,"href":"https:\/\/radiosolaris.com.br\/beta\/wp-json\/wp\/v2\/categories?post=88082"},{"taxonomy":"post_tag","embeddable":true,"href":"https:\/\/radiosolaris.com.br\/beta\/wp-json\/wp\/v2\/tags?post=88082"},{"taxonomy":"powerkit_post_featured","embeddable":true,"href":"https:\/\/radiosolaris.com.br\/beta\/wp-json\/wp\/v2\/powerkit_post_featured?post=88082"}],"curies":[{"name":"wp","href":"https:\/\/api.w.org\/{rel}","templated":true}]}}