{"id":88011,"date":"2022-09-15T15:06:06","date_gmt":"2022-09-15T18:06:06","guid":{"rendered":"https:\/\/radiosolaris.com.br\/beta\/?p=88011"},"modified":"2022-09-15T15:06:09","modified_gmt":"2022-09-15T18:06:09","slug":"samae-investe-perto-de-r-20-milhoes-para-obras-em-caxias-do-sul","status":"publish","type":"post","link":"https:\/\/radiosolaris.com.br\/beta\/samae-investe-perto-de-r-20-milhoes-para-obras-em-caxias-do-sul\/","title":{"rendered":"Samae investe perto de R$ 20 milh\u00f5es para obras em Caxias do Sul"},"content":{"rendered":"\n<h4 id=\"os-materiais-hidraulicos-serao-usados-para-implantar-as-adutoras-do-novo-aeroporto-em-vila-oliva-e-para-a-radial-sul-na-regiao-central\" class=\"wp-block-heading\">Os materiais hidr\u00e1ulicos ser\u00e3o usados para implantar as adutoras do novo aeroporto em Vila Oliva e para a Radial Sul, na regi\u00e3o central<\/h4>\n\n\n\n<p>Um investimento de R$ 19,8 milh\u00f5es foi realizado pelo Servi\u00e7o Aut\u00f4nomo Municipal de \u00c1gua e Esgoto (Samae) em Caxias do Sul. Os recursos foram utilizados para a compra de materiais hidr\u00e1ulicos para implantar as adutoras Radial Sul e do Aeroporto Regional da Serra Ga\u00facha, localizado em Vila Oliva. Por meio de licita\u00e7\u00e3o, foram adquiridos tubos de ferro fundido, tubos de PVC, v\u00e1lvulas e conex\u00f5es.<\/p>\n\n\n\n<p>A adutora que ir\u00e1 abastecer o aeroporto e regi\u00e3o ter\u00e1 cerca de 14 quil\u00f4metros e ser\u00e1 composta por canos em PVC com di\u00e2metro de 200mm. A rede foi projetada para transportar \u00e1gua tratada da ETA Morro Alegre, do Sistema Marrecas, at\u00e9 o entroncamento das estradas municipais Geraldo d\u2019Agostini e Astrogildo Augusto Stumpf, onde ser\u00e1 implantada tomada para o futuro abastecimento do aeroporto.<\/p>\n\n\n\n<p>Para a Radial Sul, que ir\u00e1 substituir a adutora da rua Silveira Martins, cerca de 10 quil\u00f4metros de tubula\u00e7\u00f5es em ferro fundido e PVC foram adquiridos. Essa rede inicia na Avenida J\u00falio de Castilhos esquina com a rua Humberto de Campos, com interliga\u00e7\u00e3o na ETA Parque da Imprensa, localizada no bairro Nossa Senhora de Lourdes. De l\u00e1 ela percorrer\u00e1 diversas ruas centrais at\u00e9 chegar na Avenida S\u00e3o Leopoldo. Paralelo \u00e0 implanta\u00e7\u00e3o da adutora Radial Sul ser\u00e3o executadas adutoras complementares para interliga\u00e7\u00e3o nas redes existentes.<\/p>\n\n\n\n<figure class=\"wp-block-gallery has-nested-images columns-default is-cropped wp-block-gallery-1 is-layout-flex wp-block-gallery-is-layout-flex\">\n<figure class=\"wp-block-image size-large\"><a href=\"https:\/\/radiosolaris.com.br\/beta\/wp-content\/uploads\/2022\/09\/d2f83a6c-5d2d-4f4d-94a5-c05d7eae7619_1000.jpeg\"><img  loading=\"lazy\"  decoding=\"async\"  width=\"1000\"  height=\"664\"  data-id=\"88015\"  src=\"data:image\/png;base64,iVBORw0KGgoAAAANSUhEUgAAAAEAAAABAQMAAAAl21bKAAAAA1BMVEUAAP+KeNJXAAAAAXRSTlMAQObYZgAAAAlwSFlzAAAOxAAADsQBlSsOGwAAAApJREFUCNdjYAAAAAIAAeIhvDMAAAAASUVORK5CYII=\"  alt=\"\"  class=\"wp-image-88015 pk-lazyload\"  data-pk-sizes=\"auto\"  data-ls-sizes=\"auto, (max-width: 1000px) 100vw, 1000px\"  data-pk-src=\"https:\/\/radiosolaris.com.br\/beta\/wp-content\/uploads\/2022\/09\/d2f83a6c-5d2d-4f4d-94a5-c05d7eae7619_1000.jpeg\"  data-pk-srcset=\"https:\/\/radiosolaris.com.br\/beta\/wp-content\/uploads\/2022\/09\/d2f83a6c-5d2d-4f4d-94a5-c05d7eae7619_1000.jpeg 1000w, https:\/\/radiosolaris.com.br\/beta\/wp-content\/uploads\/2022\/09\/d2f83a6c-5d2d-4f4d-94a5-c05d7eae7619_1000-800x531.jpeg 800w\" ><\/a><\/figure>\n<figcaption class=\"blocks-gallery-caption\">Foto: Divulga\u00e7\u00e3o Samae<\/figcaption><\/figure>\n\n\n\n<p><\/p>\n\n\n\n<p>Conforme o diretor-presidente do Samae, Gilberto Meletti, essas duas obras s\u00e3o de suma relev\u00e2ncia pois ir\u00e3o garantir o abastecimento de qualidade \u00e0s regi\u00f5es que crescem diariamente. \u201cA aquisi\u00e7\u00e3o dos materiais visa eliminar a frequente manuten\u00e7\u00e3o da adutora da Silveira Martins e garantir a qualidade do abastecimento sem interrup\u00e7\u00e3o \u00e0 popula\u00e7\u00e3o, bem como aumentar a capacidade e extens\u00e3o das redes da regi\u00e3o do aeroporto de Vila Oliva, garantindo maior abrang\u00eancia dos servi\u00e7os prevendo a futura expans\u00e3o da \u00e1rea, al\u00e9m de atender exig\u00eancias sociais e ambientais\u201d.<\/p>\n\n\n\n<p>As empresas vencedoras da licita\u00e7\u00e3o t\u00eam 90 dias para entregar o material. Nesse per\u00edodo, a equipe t\u00e9cnica do Samae est\u00e1 elaborando o termo de refer\u00eancia para encaminhar a licita\u00e7\u00e3o para contrata\u00e7\u00e3o de m\u00e3o de obra para executar ambos os servi\u00e7os, os quais devem iniciar em 2023.<\/p>\n","protected":false},"excerpt":{"rendered":"<p>Os materiais hidr\u00e1ulicos ser\u00e3o usados para implantar as adutoras do novo aeroporto em Vila Oliva e para a Radial Sul, na regi\u00e3o central Um investimento de R$ 19,8 milh\u00f5es foi&hellip;<\/p>\n","protected":false},"author":17,"featured_media":88015,"comment_status":"closed","ping_status":"closed","sticky":false,"template":"","format":"standard","meta":{"_lmt_disableupdate":"","_lmt_disable":"","footnotes":""},"categories":[83],"tags":[13864,13863,13309,13865,148,13868,13870,13866,13867,3332,283],"powerkit_post_featured":[],"class_list":{"0":"post-88011","1":"post","2":"type-post","3":"status-publish","4":"format-standard","5":"has-post-thumbnail","7":"category-serra-gaucha","8":"tag-adiutora-da-silveira-martins","9":"tag-adutoras-em-caxias-do-sul","10":"tag-aeroporto-de-vila-oliva","11":"tag-agua-e-esgoto","12":"tag-caxias-do-sul","13":"tag-eta-morro-alegre","14":"tag-eta-parque-da-imprensa","15":"tag-obras-do-samae","16":"tag-radial-sul","17":"tag-samae","18":"tag-serra-gaucha"},"modified_by":"Igor Panzenhagen","_links":{"self":[{"href":"https:\/\/radiosolaris.com.br\/beta\/wp-json\/wp\/v2\/posts\/88011","targetHints":{"allow":["GET"]}}],"collection":[{"href":"https:\/\/radiosolaris.com.br\/beta\/wp-json\/wp\/v2\/posts"}],"about":[{"href":"https:\/\/radiosolaris.com.br\/beta\/wp-json\/wp\/v2\/types\/post"}],"author":[{"embeddable":true,"href":"https:\/\/radiosolaris.com.br\/beta\/wp-json\/wp\/v2\/users\/17"}],"replies":[{"embeddable":true,"href":"https:\/\/radiosolaris.com.br\/beta\/wp-json\/wp\/v2\/comments?post=88011"}],"version-history":[{"count":0,"href":"https:\/\/radiosolaris.com.br\/beta\/wp-json\/wp\/v2\/posts\/88011\/revisions"}],"wp:featuredmedia":[{"embeddable":true,"href":"https:\/\/radiosolaris.com.br\/beta\/wp-json\/wp\/v2\/media\/88015"}],"wp:attachment":[{"href":"https:\/\/radiosolaris.com.br\/beta\/wp-json\/wp\/v2\/media?parent=88011"}],"wp:term":[{"taxonomy":"category","embeddable":true,"href":"https:\/\/radiosolaris.com.br\/beta\/wp-json\/wp\/v2\/categories?post=88011"},{"taxonomy":"post_tag","embeddable":true,"href":"https:\/\/radiosolaris.com.br\/beta\/wp-json\/wp\/v2\/tags?post=88011"},{"taxonomy":"powerkit_post_featured","embeddable":true,"href":"https:\/\/radiosolaris.com.br\/beta\/wp-json\/wp\/v2\/powerkit_post_featured?post=88011"}],"curies":[{"name":"wp","href":"https:\/\/api.w.org\/{rel}","templated":true}]}}