{"id":87983,"date":"2022-09-15T09:57:51","date_gmt":"2022-09-15T12:57:51","guid":{"rendered":"https:\/\/radiosolaris.com.br\/beta\/?p=87983"},"modified":"2022-09-15T10:01:00","modified_gmt":"2022-09-15T13:01:00","slug":"flores-da-cunha-inicia-oficialmente-os-festejos-farroupilha","status":"publish","type":"post","link":"https:\/\/radiosolaris.com.br\/beta\/flores-da-cunha-inicia-oficialmente-os-festejos-farroupilha\/","title":{"rendered":"Flores da Cunha inicia oficialmente os Festejos Farroupilha"},"content":{"rendered":"\n<h4 id=\"a-programacao-contara-com-mais-de-20-atracoes-envolvendo-musica-concurso-jogos-bailes-e-a-tradicional-culinaria-do-rio-grande-do-sul\" class=\"wp-block-heading\">A programa\u00e7\u00e3o contar\u00e1 com mais de 20 atra\u00e7\u00f5es envolvendo m\u00fasica, concurso, jogos, bailes e a tradicional culin\u00e1ria do Rio Grande do Sul<\/h4>\n\n\n\n<p>A Semana Farroupilha 2022 de Flores da Cunha teve in\u00edcio oficialmente na noite desta quarta-feira (14). O concurso de declama\u00e7\u00f5es foi o que abriu os festejos no Parque da Vindima Eloy Kunz e o que marcou a noite de todos que estavam presentes. Organizado pela Prefeitura, por meio da Subsecretaria de Cultura, a abertura ocorreu por volta das 19h.<\/p>\n\n\n\n<p>Ao total foram 11 declama\u00e7\u00f5es, que contavam com as modalidades mirim, juvenil e ensino m\u00e9dio. As apresenta\u00e7\u00f5es eram avaliadas por jurados e foram premiadas no final da noite <em>(conhe\u00e7a os vencedores abaixo).<\/em><\/p>\n\n\n\n<p>Dos dias 14 a 20 de setembro, o evento vai contar com mais de 20 atra\u00e7\u00f5es culturais. Haver\u00e1 muita m\u00fasica, concursos, jogos campeiros e bailes. Al\u00e9m disso, o p\u00fablico presente poder\u00e1 se deliciar com a t\u00edpica culin\u00e1ria rio-grandense <em>(confira a programa\u00e7\u00e3o completa abaixo)<\/em>.<\/p>\n\n\n\n<p>Durante a semana haver\u00e1 uma diversidade de atra\u00e7\u00f5es art\u00edsticas em todas as noites. Na segunda-feira (19), v\u00e9spera do feriado, Luiz Marenco sobe ao palco a partir das 21h30min. O m\u00fasico tem quase 30 anos de carreira e uma discografia de 25 obras, sendo um dos principais nomes do nativismo do sul do Brasil.<\/p>\n\n\n\n<p>No dia 20 de setembro, a Missa Crioula marcar\u00e1 o encerramento das festividades, seguida de baile com o Grupo Est\u00e2ncia. A entrada no parque \u00e9 gratuita e o evento \u00e9 aberto para toda a comunidade.<\/p>\n\n\n\n<p class=\"has-medium-font-size\"><strong><em>Conhe\u00e7a os vencedores do primeiro dia do Concurso de Declama\u00e7\u00f5es:<\/em><\/strong><\/p>\n\n\n\n<p><strong><br>Categoria Mirim:<\/strong><br>1\u00ba- Micaella Orlandina Maria Bueno &#8211; Escola Professor Targa<br>2\u00ba- Alice Menegussi Ribeiro &#8211; Escola 1\u00ba de Maio<br>3\u00ba- Elen Crestani Moreira &#8211; Escola Leonel de Moura Brizola<\/p>\n\n\n\n<p><strong>Categoria Juvenil:<\/strong><br>1\u00ba- Gabrielly Cabral Baranoski &#8211; Escola Tancredo de Almeida Neves<br>2\u00ba- Nayhan Cabral Baranoski &#8211; Escola Tancredo de Almeida Neves<br>3\u00ba- Ysabelli da Concei\u00e7\u00e3o Cardoso &#8211; Escola 1\u00ba de Maio<\/p>\n\n\n\n<p><strong>Categoria Ensino m\u00e9dio:<\/strong><br>1\u00ba- Wemellin Lazarotto &#8211; Escola S\u00e3o Rafael<\/p>\n\n\n\n<figure class=\"wp-block-gallery has-nested-images columns-1 is-cropped wp-block-gallery-1 is-layout-flex wp-block-gallery-is-layout-flex\">\n<figure class=\"wp-block-image size-large\"><img  decoding=\"async\"  data-id=\"87987\"  src=\"data:image\/png;base64,iVBORw0KGgoAAAANSUhEUgAABIgAAANmAQMAAACrCyL8AAAAA1BMVEUAAP+KeNJXAAAAAXRSTlMAQObYZgAAAAlwSFlzAAAOxAAADsQBlSsOGwAAAJJJREFUeNrtwTEBAAAAwqD1T20JT6AAAAAAAAAAAAAAAAAAAAAAAAAAAAAAAAAAAAAAAAAAAAAAAAAAAAAAAAAAAAAAAAAAAAAAAAAAAAAAAAAAAAAAAAAAAAAAAAAAAAAAAAAAAAAAAAAAAAAAAAAAAAAAAAAAAAAAAAAAAAAAAAAAAAAAAAAAAAAAAAAAAAD+BvA7AAGTZkFsAAAAAElFTkSuQmCC\"  alt=\"\"  class=\"wp-image-87987 pk-lazyload\"  data-pk-sizes=\"auto\"  data-pk-src=\"https:\/\/radiosolaris.com.br\/beta\/wp-content\/uploads\/2022\/09\/Semana-Farroupilha-2022-Flores-da-Cunha-4-1024x768.jpeg\" ><\/figure>\n\n\n\n<figure class=\"wp-block-image size-large\"><img  decoding=\"async\"  data-id=\"87985\"  src=\"data:image\/png;base64,iVBORw0KGgoAAAANSUhEUgAAAAEAAAABAQMAAAAl21bKAAAAA1BMVEUAAP+KeNJXAAAAAXRSTlMAQObYZgAAAAlwSFlzAAAOxAAADsQBlSsOGwAAAApJREFUCNdjYAAAAAIAAeIhvDMAAAAASUVORK5CYII=\"  alt=\"\"  class=\"wp-image-87985 pk-lazyload\"  data-pk-sizes=\"auto\"  data-pk-src=\"https:\/\/radiosolaris.com.br\/beta\/wp-content\/uploads\/2022\/09\/Semana-Farroupilha-2022-Flores-da-Cunha-2-1024x768.jpeg\" ><\/figure>\n\n\n\n<figure class=\"wp-block-image size-large\"><img  loading=\"lazy\"  decoding=\"async\"  width=\"1024\"  height=\"768\"  data-id=\"87986\"  src=\"data:image\/png;base64,iVBORw0KGgoAAAANSUhEUgAAAAEAAAABAQMAAAAl21bKAAAAA1BMVEUAAP+KeNJXAAAAAXRSTlMAQObYZgAAAAlwSFlzAAAOxAAADsQBlSsOGwAAAApJREFUCNdjYAAAAAIAAeIhvDMAAAAASUVORK5CYII=\"  alt=\"\"  class=\"wp-image-87986 pk-lazyload\"  data-pk-sizes=\"auto\"  data-ls-sizes=\"auto, (max-width: 1024px) 100vw, 1024px\"  data-pk-src=\"https:\/\/radiosolaris.com.br\/beta\/wp-content\/uploads\/2022\/09\/Semana-Farroupilha-2022-Flores-da-Cunha-3-1024x768.jpeg\"  data-pk-srcset=\"https:\/\/radiosolaris.com.br\/beta\/wp-content\/uploads\/2022\/09\/Semana-Farroupilha-2022-Flores-da-Cunha-3-1024x768.jpeg 1024w, https:\/\/radiosolaris.com.br\/beta\/wp-content\/uploads\/2022\/09\/Semana-Farroupilha-2022-Flores-da-Cunha-3-300x225.jpeg 300w, https:\/\/radiosolaris.com.br\/beta\/wp-content\/uploads\/2022\/09\/Semana-Farroupilha-2022-Flores-da-Cunha-3-768x576.jpeg 768w, https:\/\/radiosolaris.com.br\/beta\/wp-content\/uploads\/2022\/09\/Semana-Farroupilha-2022-Flores-da-Cunha-3.jpeg 1280w\" ><\/figure>\n\n\n\n<figure class=\"wp-block-image size-large\"><img  loading=\"lazy\"  decoding=\"async\"  width=\"1024\"  height=\"768\"  data-id=\"87984\"  src=\"data:image\/png;base64,iVBORw0KGgoAAAANSUhEUgAAAAEAAAABAQMAAAAl21bKAAAAA1BMVEUAAP+KeNJXAAAAAXRSTlMAQObYZgAAAAlwSFlzAAAOxAAADsQBlSsOGwAAAApJREFUCNdjYAAAAAIAAeIhvDMAAAAASUVORK5CYII=\"  alt=\"\"  class=\"wp-image-87984 pk-lazyload\"  data-pk-sizes=\"auto\"  data-ls-sizes=\"auto, (max-width: 1024px) 100vw, 1024px\"  data-pk-src=\"https:\/\/radiosolaris.com.br\/beta\/wp-content\/uploads\/2022\/09\/Semana-Farroupilha-2022-Flores-da-Cunha-5-1024x768.jpeg\"  data-pk-srcset=\"https:\/\/radiosolaris.com.br\/beta\/wp-content\/uploads\/2022\/09\/Semana-Farroupilha-2022-Flores-da-Cunha-5-1024x768.jpeg 1024w, https:\/\/radiosolaris.com.br\/beta\/wp-content\/uploads\/2022\/09\/Semana-Farroupilha-2022-Flores-da-Cunha-5-300x225.jpeg 300w, https:\/\/radiosolaris.com.br\/beta\/wp-content\/uploads\/2022\/09\/Semana-Farroupilha-2022-Flores-da-Cunha-5-768x576.jpeg 768w, https:\/\/radiosolaris.com.br\/beta\/wp-content\/uploads\/2022\/09\/Semana-Farroupilha-2022-Flores-da-Cunha-5.jpeg 1280w\" ><\/figure>\n\n\n\n<figure class=\"wp-block-image size-large\"><img  loading=\"lazy\"  decoding=\"async\"  width=\"1024\"  height=\"768\"  data-id=\"87988\"  src=\"data:image\/png;base64,iVBORw0KGgoAAAANSUhEUgAAAAEAAAABAQMAAAAl21bKAAAAA1BMVEUAAP+KeNJXAAAAAXRSTlMAQObYZgAAAAlwSFlzAAAOxAAADsQBlSsOGwAAAApJREFUCNdjYAAAAAIAAeIhvDMAAAAASUVORK5CYII=\"  alt=\"\"  class=\"wp-image-87988 pk-lazyload\"  data-pk-sizes=\"auto\"  data-ls-sizes=\"auto, (max-width: 1024px) 100vw, 1024px\"  data-pk-src=\"https:\/\/radiosolaris.com.br\/beta\/wp-content\/uploads\/2022\/09\/Semana-Farroupilha-2022-Flores-da-Cunha-8-1024x768.jpeg\"  data-pk-srcset=\"https:\/\/radiosolaris.com.br\/beta\/wp-content\/uploads\/2022\/09\/Semana-Farroupilha-2022-Flores-da-Cunha-8-1024x768.jpeg 1024w, https:\/\/radiosolaris.com.br\/beta\/wp-content\/uploads\/2022\/09\/Semana-Farroupilha-2022-Flores-da-Cunha-8-300x225.jpeg 300w, https:\/\/radiosolaris.com.br\/beta\/wp-content\/uploads\/2022\/09\/Semana-Farroupilha-2022-Flores-da-Cunha-8-768x576.jpeg 768w, https:\/\/radiosolaris.com.br\/beta\/wp-content\/uploads\/2022\/09\/Semana-Farroupilha-2022-Flores-da-Cunha-8.jpeg 1280w\" ><\/figure>\n\n\n\n<figure class=\"wp-block-image size-large\"><img  loading=\"lazy\"  decoding=\"async\"  width=\"1024\"  height=\"768\"  data-id=\"87991\"  src=\"data:image\/png;base64,iVBORw0KGgoAAAANSUhEUgAAAAEAAAABAQMAAAAl21bKAAAAA1BMVEUAAP+KeNJXAAAAAXRSTlMAQObYZgAAAAlwSFlzAAAOxAAADsQBlSsOGwAAAApJREFUCNdjYAAAAAIAAeIhvDMAAAAASUVORK5CYII=\"  alt=\"\"  class=\"wp-image-87991 pk-lazyload\"  data-pk-sizes=\"auto\"  data-ls-sizes=\"auto, (max-width: 1024px) 100vw, 1024px\"  data-pk-src=\"https:\/\/radiosolaris.com.br\/beta\/wp-content\/uploads\/2022\/09\/Semana-Farroupilha-2022-Flores-da-Cunha-9-1024x768.jpeg\"  data-pk-srcset=\"https:\/\/radiosolaris.com.br\/beta\/wp-content\/uploads\/2022\/09\/Semana-Farroupilha-2022-Flores-da-Cunha-9-1024x768.jpeg 1024w, https:\/\/radiosolaris.com.br\/beta\/wp-content\/uploads\/2022\/09\/Semana-Farroupilha-2022-Flores-da-Cunha-9-300x225.jpeg 300w, https:\/\/radiosolaris.com.br\/beta\/wp-content\/uploads\/2022\/09\/Semana-Farroupilha-2022-Flores-da-Cunha-9-768x576.jpeg 768w, https:\/\/radiosolaris.com.br\/beta\/wp-content\/uploads\/2022\/09\/Semana-Farroupilha-2022-Flores-da-Cunha-9.jpeg 1280w\" ><\/figure>\n\n\n\n<figure class=\"wp-block-image size-large\"><img  loading=\"lazy\"  decoding=\"async\"  width=\"1024\"  height=\"768\"  data-id=\"87992\"  src=\"data:image\/png;base64,iVBORw0KGgoAAAANSUhEUgAAAAEAAAABAQMAAAAl21bKAAAAA1BMVEUAAP+KeNJXAAAAAXRSTlMAQObYZgAAAAlwSFlzAAAOxAAADsQBlSsOGwAAAApJREFUCNdjYAAAAAIAAeIhvDMAAAAASUVORK5CYII=\"  alt=\"\"  class=\"wp-image-87992 pk-lazyload\"  data-pk-sizes=\"auto\"  data-ls-sizes=\"auto, (max-width: 1024px) 100vw, 1024px\"  data-pk-src=\"https:\/\/radiosolaris.com.br\/beta\/wp-content\/uploads\/2022\/09\/Semana-Farroupilha-2022-Flores-da-Cunha-10-1024x768.jpeg\"  data-pk-srcset=\"https:\/\/radiosolaris.com.br\/beta\/wp-content\/uploads\/2022\/09\/Semana-Farroupilha-2022-Flores-da-Cunha-10-1024x768.jpeg 1024w, https:\/\/radiosolaris.com.br\/beta\/wp-content\/uploads\/2022\/09\/Semana-Farroupilha-2022-Flores-da-Cunha-10-300x225.jpeg 300w, https:\/\/radiosolaris.com.br\/beta\/wp-content\/uploads\/2022\/09\/Semana-Farroupilha-2022-Flores-da-Cunha-10-768x576.jpeg 768w, https:\/\/radiosolaris.com.br\/beta\/wp-content\/uploads\/2022\/09\/Semana-Farroupilha-2022-Flores-da-Cunha-10.jpeg 1280w\" ><\/figure>\n\n\n\n<figure class=\"wp-block-image size-large\"><img  decoding=\"async\"  data-id=\"87990\"  src=\"data:image\/png;base64,iVBORw0KGgoAAAANSUhEUgAAAAEAAAABAQMAAAAl21bKAAAAA1BMVEUAAP+KeNJXAAAAAXRSTlMAQObYZgAAAAlwSFlzAAAOxAAADsQBlSsOGwAAAApJREFUCNdjYAAAAAIAAeIhvDMAAAAASUVORK5CYII=\"  alt=\"\"  class=\"wp-image-87990 pk-lazyload\"  data-pk-sizes=\"auto\"  data-pk-src=\"https:\/\/radiosolaris.com.br\/beta\/wp-content\/uploads\/2022\/09\/Semana-Farroupilha-2022-Flores-da-Cunha-11-1024x768.jpeg\" ><\/figure>\n\n\n\n<figure class=\"wp-block-image size-large\"><img  loading=\"lazy\"  decoding=\"async\"  width=\"1024\"  height=\"768\"  data-id=\"87993\"  src=\"data:image\/png;base64,iVBORw0KGgoAAAANSUhEUgAAAAEAAAABAQMAAAAl21bKAAAAA1BMVEUAAP+KeNJXAAAAAXRSTlMAQObYZgAAAAlwSFlzAAAOxAAADsQBlSsOGwAAAApJREFUCNdjYAAAAAIAAeIhvDMAAAAASUVORK5CYII=\"  alt=\"\"  class=\"wp-image-87993 pk-lazyload\"  data-pk-sizes=\"auto\"  data-ls-sizes=\"auto, (max-width: 1024px) 100vw, 1024px\"  data-pk-src=\"https:\/\/radiosolaris.com.br\/beta\/wp-content\/uploads\/2022\/09\/Semana-Farroupilha-2022-Flores-da-Cunha-12-1024x768.jpeg\"  data-pk-srcset=\"https:\/\/radiosolaris.com.br\/beta\/wp-content\/uploads\/2022\/09\/Semana-Farroupilha-2022-Flores-da-Cunha-12-1024x768.jpeg 1024w, https:\/\/radiosolaris.com.br\/beta\/wp-content\/uploads\/2022\/09\/Semana-Farroupilha-2022-Flores-da-Cunha-12-300x225.jpeg 300w, https:\/\/radiosolaris.com.br\/beta\/wp-content\/uploads\/2022\/09\/Semana-Farroupilha-2022-Flores-da-Cunha-12-768x576.jpeg 768w, https:\/\/radiosolaris.com.br\/beta\/wp-content\/uploads\/2022\/09\/Semana-Farroupilha-2022-Flores-da-Cunha-12.jpeg 1280w\" ><\/figure>\n\n\n\n<figure class=\"wp-block-image size-large\"><img  decoding=\"async\"  data-id=\"87994\"  src=\"data:image\/png;base64,iVBORw0KGgoAAAANSUhEUgAAAAEAAAABAQMAAAAl21bKAAAAA1BMVEUAAP+KeNJXAAAAAXRSTlMAQObYZgAAAAlwSFlzAAAOxAAADsQBlSsOGwAAAApJREFUCNdjYAAAAAIAAeIhvDMAAAAASUVORK5CYII=\"  alt=\"\"  class=\"wp-image-87994 pk-lazyload\"  data-pk-sizes=\"auto\"  data-pk-src=\"https:\/\/radiosolaris.com.br\/beta\/wp-content\/uploads\/2022\/09\/Semana-Farroupilha-2022-Flores-da-Cunha-13-1024x768.jpeg\" ><\/figure>\n\n\n\n<figure class=\"wp-block-image size-large\"><img  decoding=\"async\"  data-id=\"87989\"  src=\"data:image\/png;base64,iVBORw0KGgoAAAANSUhEUgAAAAEAAAABAQMAAAAl21bKAAAAA1BMVEUAAP+KeNJXAAAAAXRSTlMAQObYZgAAAAlwSFlzAAAOxAAADsQBlSsOGwAAAApJREFUCNdjYAAAAAIAAeIhvDMAAAAASUVORK5CYII=\"  alt=\"\"  class=\"wp-image-87989 pk-lazyload\"  data-pk-sizes=\"auto\"  data-pk-src=\"https:\/\/radiosolaris.com.br\/beta\/wp-content\/uploads\/2022\/09\/Semana-Farroupilha-2022-Flores-da-Cunha-6-1024x768.jpeg\" ><\/figure>\n<figcaption class=\"blocks-gallery-caption\">Fotos: Bruna Marini\/ Prefeitura de Flores da Cunha<\/figcaption><\/figure>\n\n\n\n<p class=\"has-medium-font-size\"><strong><em>Confira a programa\u00e7\u00e3o completa da Semana Farroupilha 2022:<\/em><\/strong><\/p>\n\n\n\n<p><br><strong>Dia 14, quarta-feira<\/strong><br>18h: Abertura oficial da Semana Farroupilha<br>18h30min: Concurso de Declama\u00e7\u00e3o<br>20h30min: Atra\u00e7\u00e3o local | Beto Sandi | Alessandro Dornelles e Gustavo Rodrigues (declama\u00e7\u00e3o)<br>21h30min: Baile com o Grupo Manancial<\/p>\n\n\n\n<p><strong>Dia 15, quinta-feira<\/strong><br>18h30min: Concurso de Int\u00e9rprete Vocal<br>20h30min: Atra\u00e7\u00e3o local | Alencar Negri e Jo\u00e3o Deon<br>21h: Baile com Os Queras<\/p>\n\n\n\n<p><strong>Dia 16, sexta-feira<\/strong><br>18h30min: Concurso de Dan\u00e7a<br>20h30min: Atra\u00e7\u00e3o local | CTG Galp\u00e3o Serrano e CTG Rodeio Serrano (S\u00e3o Francisco de Paula)<br>22h30min: Baile com o Grupo Estilo Campeiro<\/p>\n\n\n\n<p><strong>Dia 17, s\u00e1bado<\/strong><br>10h: Cavalgada da Semana Farroupilha | Sa\u00edda do Centro Administrativo Angelo Araldi em dire\u00e7\u00e3o ao Parque da Vindima Eloy Kunz<br>14h: Jogos Campeiros<br>16h: Encontro de Gaiteiros<br>19h: Atra\u00e7\u00e3o local | Grupo Parceiros do Pampa<br>22h: Baile da R\u00e1dio Amizade | Chasque Galponeiro<\/p>\n\n\n\n<p><strong>Dia 18, domingo<\/strong><br>14h: Jogos Campeiros<br>15h: Baile da 3\u00aa idade | Grupo Heran\u00e7a Fandangueira<br>18h30min: Show com F\u00e1bio Soares<\/p>\n\n\n\n<p><strong>Dia 19, segunda-feira<\/strong><br>18h30min: Apresenta\u00e7\u00e3o de Dan\u00e7as | Dan\u00e7a Biriva, Pau de Fita, Jardineira, Chula, Anu e Valsa da M\u00e3o Trocada<br>21h30min: Show com Luiz Marenco<br>23h: Baile com o Grupo Companhia do Gaita\u00e7o<\/p>\n\n\n\n<p><strong>Dia 20, ter\u00e7a-feira<\/strong><br>18h: Encerramento protocolar e Missa Crioula<br>20h: Baile com o Grupo Est\u00e2ncia<\/p>\n","protected":false},"excerpt":{"rendered":"<p>A programa\u00e7\u00e3o contar\u00e1 com mais de 20 atra\u00e7\u00f5es envolvendo m\u00fasica, concurso, jogos, bailes e a tradicional culin\u00e1ria do Rio Grande do Sul A Semana Farroupilha 2022 de Flores da Cunha&hellip;<\/p>\n","protected":false},"author":16,"featured_media":87987,"comment_status":"closed","ping_status":"closed","sticky":false,"template":"","format":"standard","meta":{"_lmt_disableupdate":"","_lmt_disable":"","footnotes":""},"categories":[83],"tags":[4845,114,547,5852,3105,1220,13761,13861,992,283],"powerkit_post_featured":[],"class_list":{"0":"post-87983","1":"post","2":"type-post","3":"status-publish","4":"format-standard","5":"has-post-thumbnail","7":"category-serra-gaucha","8":"tag-festejos-farroupilha","9":"tag-flores-da-cunha","10":"tag-parque-da-vindima","11":"tag-parque-da-vindima-eloy-kunz","12":"tag-prefeitura-de-flores-da-cunha","13":"tag-semana-farroupilha","14":"tag-semana-farroupilha-2022","15":"tag-semana-farroupilha-em-flores-da-cunha","16":"tag-serra","17":"tag-serra-gaucha"},"modified_by":"Bruna Picinini","_links":{"self":[{"href":"https:\/\/radiosolaris.com.br\/beta\/wp-json\/wp\/v2\/posts\/87983","targetHints":{"allow":["GET"]}}],"collection":[{"href":"https:\/\/radiosolaris.com.br\/beta\/wp-json\/wp\/v2\/posts"}],"about":[{"href":"https:\/\/radiosolaris.com.br\/beta\/wp-json\/wp\/v2\/types\/post"}],"author":[{"embeddable":true,"href":"https:\/\/radiosolaris.com.br\/beta\/wp-json\/wp\/v2\/users\/16"}],"replies":[{"embeddable":true,"href":"https:\/\/radiosolaris.com.br\/beta\/wp-json\/wp\/v2\/comments?post=87983"}],"version-history":[{"count":0,"href":"https:\/\/radiosolaris.com.br\/beta\/wp-json\/wp\/v2\/posts\/87983\/revisions"}],"wp:featuredmedia":[{"embeddable":true,"href":"https:\/\/radiosolaris.com.br\/beta\/wp-json\/wp\/v2\/media\/87987"}],"wp:attachment":[{"href":"https:\/\/radiosolaris.com.br\/beta\/wp-json\/wp\/v2\/media?parent=87983"}],"wp:term":[{"taxonomy":"category","embeddable":true,"href":"https:\/\/radiosolaris.com.br\/beta\/wp-json\/wp\/v2\/categories?post=87983"},{"taxonomy":"post_tag","embeddable":true,"href":"https:\/\/radiosolaris.com.br\/beta\/wp-json\/wp\/v2\/tags?post=87983"},{"taxonomy":"powerkit_post_featured","embeddable":true,"href":"https:\/\/radiosolaris.com.br\/beta\/wp-json\/wp\/v2\/powerkit_post_featured?post=87983"}],"curies":[{"name":"wp","href":"https:\/\/api.w.org\/{rel}","templated":true}]}}