{"id":87891,"date":"2022-09-14T10:12:35","date_gmt":"2022-09-14T13:12:35","guid":{"rendered":"https:\/\/radiosolaris.com.br\/beta\/?p=87891"},"modified":"2022-09-14T10:12:38","modified_gmt":"2022-09-14T13:12:38","slug":"homem-e-encontrado-morto-em-antonio-prado","status":"publish","type":"post","link":"https:\/\/radiosolaris.com.br\/beta\/homem-e-encontrado-morto-em-antonio-prado\/","title":{"rendered":"Homem \u00e9 encontrado morto em Ant\u00f4nio Prado"},"content":{"rendered":"\n<h4 id=\"o-corpo-foi-encontrado-em-uma-residencia-da-rua-doutor-guerra\" class=\"wp-block-heading\">O corpo foi encontrado em uma resid\u00eancia da rua Doutor Guerra<\/h4>\n\n\n\n<p>Na noite desta ter\u00e7a-feira(13), por voltas das 22h30min, a guarni\u00e7\u00e3o da Pol\u00edcia Civil, foi despachada via sala de opera\u00e7\u00f5es, para averiguar informa\u00e7\u00f5es recebidas sobre um corpo ca\u00eddo dentro de uma resid\u00eancia. Chegando ao local na rua Doutor Guerra, foi encontrada a v\u00edtima deitada com sangue ao seu redor.<\/p>\n\n\n\n<p>Segundo a pol\u00edcia a casa se encontrava aberta e com as luzes apagadas, sendo poss\u00edvel apenas notar os p\u00e9s da v\u00edtima na porta. Os profissionais acionaram o SAMU, que atestou o \u00f3bito do homem de 69 anos, que n\u00e3o teve seu nome divulgado.<\/p>\n","protected":false},"excerpt":{"rendered":"<p>O corpo foi encontrado em uma resid\u00eancia da rua Doutor Guerra Na noite desta ter\u00e7a-feira(13), por voltas das 22h30min, a guarni\u00e7\u00e3o da Pol\u00edcia Civil, foi despachada via sala de opera\u00e7\u00f5es,&hellip;<\/p>\n","protected":false},"author":20,"featured_media":87895,"comment_status":"closed","ping_status":"closed","sticky":false,"template":"","format":"standard","meta":{"_lmt_disableupdate":"","_lmt_disable":"","footnotes":""},"categories":[1],"tags":[143,13831,2955],"powerkit_post_featured":[],"class_list":{"0":"post-87891","1":"post","2":"type-post","3":"status-publish","4":"format-standard","5":"has-post-thumbnail","7":"category-geral","8":"tag-antonio-prado","9":"tag-doutor-guerra","10":"tag-morto"},"modified_by":"Gustavo Zanotto","_links":{"self":[{"href":"https:\/\/radiosolaris.com.br\/beta\/wp-json\/wp\/v2\/posts\/87891","targetHints":{"allow":["GET"]}}],"collection":[{"href":"https:\/\/radiosolaris.com.br\/beta\/wp-json\/wp\/v2\/posts"}],"about":[{"href":"https:\/\/radiosolaris.com.br\/beta\/wp-json\/wp\/v2\/types\/post"}],"author":[{"embeddable":true,"href":"https:\/\/radiosolaris.com.br\/beta\/wp-json\/wp\/v2\/users\/20"}],"replies":[{"embeddable":true,"href":"https:\/\/radiosolaris.com.br\/beta\/wp-json\/wp\/v2\/comments?post=87891"}],"version-history":[{"count":0,"href":"https:\/\/radiosolaris.com.br\/beta\/wp-json\/wp\/v2\/posts\/87891\/revisions"}],"wp:featuredmedia":[{"embeddable":true,"href":"https:\/\/radiosolaris.com.br\/beta\/wp-json\/wp\/v2\/media\/87895"}],"wp:attachment":[{"href":"https:\/\/radiosolaris.com.br\/beta\/wp-json\/wp\/v2\/media?parent=87891"}],"wp:term":[{"taxonomy":"category","embeddable":true,"href":"https:\/\/radiosolaris.com.br\/beta\/wp-json\/wp\/v2\/categories?post=87891"},{"taxonomy":"post_tag","embeddable":true,"href":"https:\/\/radiosolaris.com.br\/beta\/wp-json\/wp\/v2\/tags?post=87891"},{"taxonomy":"powerkit_post_featured","embeddable":true,"href":"https:\/\/radiosolaris.com.br\/beta\/wp-json\/wp\/v2\/powerkit_post_featured?post=87891"}],"curies":[{"name":"wp","href":"https:\/\/api.w.org\/{rel}","templated":true}]}}