{"id":87869,"date":"2022-09-13T23:34:58","date_gmt":"2022-09-14T02:34:58","guid":{"rendered":"https:\/\/radiosolaris.com.br\/beta\/?p=87869"},"modified":"2022-09-13T23:37:33","modified_gmt":"2022-09-14T02:37:33","slug":"foragido-da-justica-e-preso-no-bairro-charqueadas-em-caxias-do-sul","status":"publish","type":"post","link":"https:\/\/radiosolaris.com.br\/beta\/foragido-da-justica-e-preso-no-bairro-charqueadas-em-caxias-do-sul\/","title":{"rendered":"Pol\u00edcia recaptura homem condenado por estupro em Caxias do Sul"},"content":{"rendered":"\n<h4 id=\"o-homem-tem-diversos-antecedentes-criminais-e-foi-encontrado-no-bairro-charqueadas\" class=\"wp-block-heading\">O homem tem diversos antecedentes criminais e foi encontrado no bairro Charqueadas<\/h4>\n\n\n\n<p>Um homem com dois antecedentes criminais por estupro foi preso nesta ter\u00e7a-feira (13), por volta das 20h, no bairro Charqueadas, em Caxias do Sul. O 4\u00ba Batalh\u00e3o de Pol\u00edcia de Choque (4\u00ba BPChq) realizou a abordagem do sujeito na rua  Paralela Jos\u00e9 Perini e constatou que ele era foragido da justi\u00e7a.<\/p>\n\n\n\n<p>O criminoso de 42 anos tamb\u00e9m j\u00e1 foi preso por roubo a resid\u00eancia, tr\u00e1fico de drogas e 2x por porte ilegal de arma de fogo.<\/p>\n\n\n\n<p>O homem foi reconduzido ao sistema prisional.<\/p>\n","protected":false},"excerpt":{"rendered":"<p>O homem tem diversos antecedentes criminais e foi encontrado no bairro Charqueadas Um homem com dois antecedentes criminais por estupro foi preso nesta ter\u00e7a-feira (13), por volta das 20h, no&hellip;<\/p>\n","protected":false},"author":17,"featured_media":41800,"comment_status":"closed","ping_status":"closed","sticky":false,"template":"","format":"standard","meta":{"_lmt_disableupdate":"","_lmt_disable":"","footnotes":""},"categories":[83],"tags":[11020,148,2004,13821,303,283],"powerkit_post_featured":[],"class_list":{"0":"post-87869","1":"post","2":"type-post","3":"status-publish","4":"format-standard","5":"has-post-thumbnail","7":"category-serra-gaucha","8":"tag-bairro-charqueadas","9":"tag-caxias-do-sul","10":"tag-choque","11":"tag-estupro-em-caxias-do-sul","12":"tag-prisao","13":"tag-serra-gaucha"},"modified_by":"Igor Panzenhagen","_links":{"self":[{"href":"https:\/\/radiosolaris.com.br\/beta\/wp-json\/wp\/v2\/posts\/87869","targetHints":{"allow":["GET"]}}],"collection":[{"href":"https:\/\/radiosolaris.com.br\/beta\/wp-json\/wp\/v2\/posts"}],"about":[{"href":"https:\/\/radiosolaris.com.br\/beta\/wp-json\/wp\/v2\/types\/post"}],"author":[{"embeddable":true,"href":"https:\/\/radiosolaris.com.br\/beta\/wp-json\/wp\/v2\/users\/17"}],"replies":[{"embeddable":true,"href":"https:\/\/radiosolaris.com.br\/beta\/wp-json\/wp\/v2\/comments?post=87869"}],"version-history":[{"count":0,"href":"https:\/\/radiosolaris.com.br\/beta\/wp-json\/wp\/v2\/posts\/87869\/revisions"}],"wp:featuredmedia":[{"embeddable":true,"href":"https:\/\/radiosolaris.com.br\/beta\/wp-json\/wp\/v2\/media\/41800"}],"wp:attachment":[{"href":"https:\/\/radiosolaris.com.br\/beta\/wp-json\/wp\/v2\/media?parent=87869"}],"wp:term":[{"taxonomy":"category","embeddable":true,"href":"https:\/\/radiosolaris.com.br\/beta\/wp-json\/wp\/v2\/categories?post=87869"},{"taxonomy":"post_tag","embeddable":true,"href":"https:\/\/radiosolaris.com.br\/beta\/wp-json\/wp\/v2\/tags?post=87869"},{"taxonomy":"powerkit_post_featured","embeddable":true,"href":"https:\/\/radiosolaris.com.br\/beta\/wp-json\/wp\/v2\/powerkit_post_featured?post=87869"}],"curies":[{"name":"wp","href":"https:\/\/api.w.org\/{rel}","templated":true}]}}