{"id":87818,"date":"2022-09-13T15:32:46","date_gmt":"2022-09-13T18:32:46","guid":{"rendered":"https:\/\/radiosolaris.com.br\/beta\/?p=87818"},"modified":"2022-09-13T15:32:47","modified_gmt":"2022-09-13T18:32:47","slug":"projeto-quer-garantir-o-parcelamento-a-contribuintes-antes-da-inscricao-em-divida-ativa-em-caxias","status":"publish","type":"post","link":"https:\/\/radiosolaris.com.br\/beta\/projeto-quer-garantir-o-parcelamento-a-contribuintes-antes-da-inscricao-em-divida-ativa-em-caxias\/","title":{"rendered":"Projeto quer garantir o parcelamento a contribuintes antes da inscri\u00e7\u00e3o em d\u00edvida ativa em Caxias"},"content":{"rendered":"\n<h4 id=\"a-proposta-do-executivo-mantem-a-quantidade-de-ate-60-parcelas-na-negociacao\" class=\"wp-block-heading\">A proposta do Executivo mant\u00e9m a quantidade de at\u00e9 60 parcelas, na negocia\u00e7\u00e3o<\/h4>\n\n\n\n<p>Na sess\u00e3o ordin\u00e1ria da C\u00e2mara de Vereadores de Caxias do Sul desta ter\u00e7a-feira (13), foi aprovado o projeto de lei complementar 26\/2022, por meio do qual o Executivo pretende possibilitar a contribuintes parcelamentos antes da inscri\u00e7\u00e3o em d\u00edvida ativa do munic\u00edpio. Fica mantida a quantidade de at\u00e9 60 parcelas, na negocia\u00e7\u00e3o. O texto, que mexe na lei complementar 581\/2019, seguir\u00e1 para a san\u00e7\u00e3o do prefeito Adil\u00f3 Didomenico.<\/p>\n\n\n\n<p>Atualmente, a legisla\u00e7\u00e3o s\u00f3 possibilita o parcelamento depois da inscri\u00e7\u00e3o em d\u00edvida ativa. A medida trata de diversos tributos, tais como: Imposto sobre a Propriedade Predial e Territorial Urbana (IPTU); Taxa de Coleta de Lixo; Imposto sobre a Transmiss\u00e3o de Bens Im\u00f3veis (ITBI); Imposto sobre Servi\u00e7os de Qualquer Natureza (ISSQN).<\/p>\n\n\n\n<p><strong>PROJETO DE LEI COMPLEMENTAR n\u00ba 26\/2022 (vota\u00e7\u00e3o):<\/strong><\/p>\n\n\n\n<p><br>ADRIANO BRESSAN PTB Sim<br>ALEXANDRE BORTOLUZ PP Sim<br>CLOVIS DE OLIVEIRA PTB Sim<br>DENISE DA SILVA PESS\u00d4A PT Presente<br>ELISANDRO FIUZA REPUB Sim<br>ESTELA BALARDIN PT Sim<br>FELIPE GREMELMAIER MDB Sim<br>GILFREDO DE CAMILLIS PSB Sim<br>GLADIS FRIZZO MDB Sim<br>JOS\u00c9 PASCUAL DAMBR\u00d3S PSB Sim<br>JULIANO VALIM PSD Ausente<br>LUCAS CAREGNATO PT Sim<br>MARISOL SANTOS PSDB Sim<br>MAUR\u00cdCIO MARCON PODE Sim<br>MAUR\u00cdCIO SCALCO NOVO Ausente<br>OLMIR CADORE PSDB Sim<br>RAFAEL BUENO PDT Sim<br>RENATO JOS\u00c9 FERREIRA DE OLIVEIRA PCdoB Sim<br>RICARDO DANELUZ PDT Sim<br>SANDRO FANTINEL PATRI Sim<br>TATIANE FRIZZO PSDB Sim<br>VELOCINO JO\u00c3O UEZ PTB Sim<br>WAGNER PETRINI PSB Sim<\/p>\n","protected":false},"excerpt":{"rendered":"<p>A proposta do Executivo mant\u00e9m a quantidade de at\u00e9 60 parcelas, na negocia\u00e7\u00e3o Na sess\u00e3o ordin\u00e1ria da C\u00e2mara de Vereadores de Caxias do Sul desta ter\u00e7a-feira (13), foi aprovado o&hellip;<\/p>\n","protected":false},"author":19,"featured_media":87819,"comment_status":"closed","ping_status":"closed","sticky":false,"template":"","format":"standard","meta":{"_lmt_disableupdate":"","_lmt_disable":"","footnotes":""},"categories":[83],"tags":[202,148,13813,1947,326,283],"powerkit_post_featured":[],"class_list":{"0":"post-87818","1":"post","2":"type-post","3":"status-publish","4":"format-standard","5":"has-post-thumbnail","7":"category-serra-gaucha","8":"tag-camara-de-vereadores","9":"tag-caxias-do-sul","10":"tag-divida-ativa","11":"tag-parcelamento","12":"tag-projeto","13":"tag-serra-gaucha"},"modified_by":"Luciano Pettorini","_links":{"self":[{"href":"https:\/\/radiosolaris.com.br\/beta\/wp-json\/wp\/v2\/posts\/87818","targetHints":{"allow":["GET"]}}],"collection":[{"href":"https:\/\/radiosolaris.com.br\/beta\/wp-json\/wp\/v2\/posts"}],"about":[{"href":"https:\/\/radiosolaris.com.br\/beta\/wp-json\/wp\/v2\/types\/post"}],"author":[{"embeddable":true,"href":"https:\/\/radiosolaris.com.br\/beta\/wp-json\/wp\/v2\/users\/19"}],"replies":[{"embeddable":true,"href":"https:\/\/radiosolaris.com.br\/beta\/wp-json\/wp\/v2\/comments?post=87818"}],"version-history":[{"count":0,"href":"https:\/\/radiosolaris.com.br\/beta\/wp-json\/wp\/v2\/posts\/87818\/revisions"}],"wp:featuredmedia":[{"embeddable":true,"href":"https:\/\/radiosolaris.com.br\/beta\/wp-json\/wp\/v2\/media\/87819"}],"wp:attachment":[{"href":"https:\/\/radiosolaris.com.br\/beta\/wp-json\/wp\/v2\/media?parent=87818"}],"wp:term":[{"taxonomy":"category","embeddable":true,"href":"https:\/\/radiosolaris.com.br\/beta\/wp-json\/wp\/v2\/categories?post=87818"},{"taxonomy":"post_tag","embeddable":true,"href":"https:\/\/radiosolaris.com.br\/beta\/wp-json\/wp\/v2\/tags?post=87818"},{"taxonomy":"powerkit_post_featured","embeddable":true,"href":"https:\/\/radiosolaris.com.br\/beta\/wp-json\/wp\/v2\/powerkit_post_featured?post=87818"}],"curies":[{"name":"wp","href":"https:\/\/api.w.org\/{rel}","templated":true}]}}