{"id":87732,"date":"2022-09-12T14:59:03","date_gmt":"2022-09-12T17:59:03","guid":{"rendered":"https:\/\/radiosolaris.com.br\/beta\/?p=87732"},"modified":"2022-09-12T15:08:00","modified_gmt":"2022-09-12T18:08:00","slug":"dupla-e-presa-com-287-kg-de-drogas-no-bairro-charqueadas-em-caxias-do-sul","status":"publish","type":"post","link":"https:\/\/radiosolaris.com.br\/beta\/dupla-e-presa-com-287-kg-de-drogas-no-bairro-charqueadas-em-caxias-do-sul\/","title":{"rendered":"Dupla \u00e9 presa com 287 kg de drogas no bairro Charqueadas, em Caxias do Sul"},"content":{"rendered":"\n<h4 id=\"policiais-visualizaram-pela-janela-de-uma-residencia-centenas-de-tijolos-de-maconha\" class=\"wp-block-heading\">Policiais visualizaram pela janela de uma resid\u00eancia centenas de tijolos de maconha<\/h4>\n\n\n\n<p>Um homem de 23 anos e uma mulher de 26 anos foram presos pela Brigada Militar (BM) por tr\u00e1fico de entorpecentes na manh\u00e3 desta segunda-feira (12) em Caxias do Sul. A pris\u00e3o ocorreu por volta das 10h30min na rua Vilmar Luiz Paniz no bairro Charqueadas.<\/p>\n\n\n\n<p>A ofensiva da BM ocorreu depois que policiais da Ronda Ostensiva Com Apoio de Motocicletas (Rocam) tiveram conhecimento da grande quantidade de entorpecentes no local. Na a\u00e7\u00e3o foram apreendidos quatro celulares e 268 tijolos de maconha pesando aproximadamente 287 kg.<br><br>Diante dos fatos a dupla foi conduzida para a Delegacia da Pol\u00edcia Civil, onde foram autuados em flagrante.<\/p>\n\n\n\n<figure class=\"wp-block-gallery has-nested-images columns-default is-cropped wp-block-gallery-1 is-layout-flex wp-block-gallery-is-layout-flex\">\n<figure class=\"wp-block-image size-large\"><a href=\"https:\/\/radiosolaris.com.br\/beta\/wp-content\/uploads\/2022\/09\/d266cdb4-f0c5-44d3-9829-cdc3fe390819.jpg\"><img  decoding=\"async\"  data-id=\"87733\"  src=\"data:image\/png;base64,iVBORw0KGgoAAAANSUhEUgAAAAEAAAABAQMAAAAl21bKAAAAA1BMVEUAAP+KeNJXAAAAAXRSTlMAQObYZgAAAAlwSFlzAAAOxAAADsQBlSsOGwAAAApJREFUCNdjYAAAAAIAAeIhvDMAAAAASUVORK5CYII=\"  alt=\"\"  class=\"wp-image-87733 pk-lazyload\"  data-pk-sizes=\"auto\"  data-pk-src=\"https:\/\/radiosolaris.com.br\/beta\/wp-content\/uploads\/2022\/09\/d266cdb4-f0c5-44d3-9829-cdc3fe390819-1024x729.jpg\" ><\/a><\/figure>\n<figcaption class=\"blocks-gallery-caption\">Foto: BM\/Divulga\u00e7\u00e3o<\/figcaption><\/figure>\n","protected":false},"excerpt":{"rendered":"<p>Policiais visualizaram pela janela de uma resid\u00eancia centenas de tijolos de maconha Um homem de 23 anos e uma mulher de 26 anos foram presos pela Brigada Militar (BM) por&hellip;<\/p>\n","protected":false},"author":17,"featured_media":87733,"comment_status":"closed","ping_status":"closed","sticky":false,"template":"","format":"standard","meta":{"_lmt_disableupdate":"","_lmt_disable":"","footnotes":""},"categories":[83],"tags":[11020,148,283],"powerkit_post_featured":[],"class_list":{"0":"post-87732","1":"post","2":"type-post","3":"status-publish","4":"format-standard","5":"has-post-thumbnail","7":"category-serra-gaucha","8":"tag-bairro-charqueadas","9":"tag-caxias-do-sul","10":"tag-serra-gaucha"},"modified_by":"Igor Panzenhagen","_links":{"self":[{"href":"https:\/\/radiosolaris.com.br\/beta\/wp-json\/wp\/v2\/posts\/87732","targetHints":{"allow":["GET"]}}],"collection":[{"href":"https:\/\/radiosolaris.com.br\/beta\/wp-json\/wp\/v2\/posts"}],"about":[{"href":"https:\/\/radiosolaris.com.br\/beta\/wp-json\/wp\/v2\/types\/post"}],"author":[{"embeddable":true,"href":"https:\/\/radiosolaris.com.br\/beta\/wp-json\/wp\/v2\/users\/17"}],"replies":[{"embeddable":true,"href":"https:\/\/radiosolaris.com.br\/beta\/wp-json\/wp\/v2\/comments?post=87732"}],"version-history":[{"count":0,"href":"https:\/\/radiosolaris.com.br\/beta\/wp-json\/wp\/v2\/posts\/87732\/revisions"}],"wp:featuredmedia":[{"embeddable":true,"href":"https:\/\/radiosolaris.com.br\/beta\/wp-json\/wp\/v2\/media\/87733"}],"wp:attachment":[{"href":"https:\/\/radiosolaris.com.br\/beta\/wp-json\/wp\/v2\/media?parent=87732"}],"wp:term":[{"taxonomy":"category","embeddable":true,"href":"https:\/\/radiosolaris.com.br\/beta\/wp-json\/wp\/v2\/categories?post=87732"},{"taxonomy":"post_tag","embeddable":true,"href":"https:\/\/radiosolaris.com.br\/beta\/wp-json\/wp\/v2\/tags?post=87732"},{"taxonomy":"powerkit_post_featured","embeddable":true,"href":"https:\/\/radiosolaris.com.br\/beta\/wp-json\/wp\/v2\/powerkit_post_featured?post=87732"}],"curies":[{"name":"wp","href":"https:\/\/api.w.org\/{rel}","templated":true}]}}