{"id":87374,"date":"2022-09-05T11:13:56","date_gmt":"2022-09-05T14:13:56","guid":{"rendered":"https:\/\/radiosolaris.com.br\/beta\/?p=87374"},"modified":"2022-09-05T11:13:58","modified_gmt":"2022-09-05T14:13:58","slug":"curso-de-apicultura-esta-com-inscricoes-abertas-em-flores-da-cunha-2","status":"publish","type":"post","link":"https:\/\/radiosolaris.com.br\/beta\/curso-de-apicultura-esta-com-inscricoes-abertas-em-flores-da-cunha-2\/","title":{"rendered":"Curso de apicultura est\u00e1 com inscri\u00e7\u00f5es abertas em Flores da Cunha"},"content":{"rendered":"\n<h4 id=\"a-populacao-pode-se-inscrever-na-secretaria-de-agricultura-e-na-florenca-comercial-agro\" class=\"wp-block-heading\">A popula\u00e7\u00e3o pode se inscrever na Secretaria de Agricultura e na Floren\u00e7a Comercial Agro<\/h4>\n\n\n\n<p>O curso de apicultura com manejo de alta produtividade est\u00e1 com inscri\u00e7\u00f5es abertas at\u00e9 o dia 30 de setembro em Flores da Cunha. Durante quatro encontros, ser\u00e3o ministradas aulas sobre a instala\u00e7\u00e3o e manejo de api\u00e1rio, manejo de colmeia, cria\u00e7\u00e3o de rainhas e extra\u00e7\u00e3o de mel.<\/p>\n\n\n\n<p>As aulas ocorrem nos dias 1\u00ba, 15, 29 de outubro e 12 de novembro, das 8h30min \u00e0s 11h30min e das 13h30min \u00e0s 16h30min, na Safit, em S\u00e3o Gotardo. As inscri\u00e7\u00f5es podem ser feitas na Secretaria de Agricultura e na Floren\u00e7a Comercial Agro. O investimento \u00e9 de R$ 250, sendo que R$ 100 ser\u00e1 destinado para a Apae de Flores da Cunha e Nova P\u00e1dua, R$ 100 para a Apae de Ant\u00f4nio Prado e R$ 50 para custos do evento.<\/p>\n\n\n\n<p>O curso \u00e9 uma parceria entre a Prefeitura Municipal, por meio da Secretaria de Agricultura, Emater, Floren\u00e7a Comercial Agro e Sindicato dos Trabalhadores Agricultores Familiares de Flores da Cunha e Nova P\u00e1dua. Mais informa\u00e7\u00f5es podem ser obtidas pelo telefone (54) 3279.3600, ramal 250, ou pelo WhatsApp (54) 99625.7448.<\/p>\n","protected":false},"excerpt":{"rendered":"<p>A popula\u00e7\u00e3o pode se inscrever na Secretaria de Agricultura e na Floren\u00e7a Comercial Agro O curso de apicultura com manejo de alta produtividade est\u00e1 com inscri\u00e7\u00f5es abertas at\u00e9 o dia&hellip;<\/p>\n","protected":false},"author":16,"featured_media":87375,"comment_status":"closed","ping_status":"closed","sticky":false,"template":"","format":"standard","meta":{"_lmt_disableupdate":"","_lmt_disable":"","footnotes":""},"categories":[83],"tags":[13678,13679,114,154,3105,4550,992,283],"powerkit_post_featured":[],"class_list":{"0":"post-87374","1":"post","2":"type-post","3":"status-publish","4":"format-standard","5":"has-post-thumbnail","7":"category-serra-gaucha","8":"tag-curso-de-apicultura","9":"tag-curso-de-apicultura-em-flores-da-cunha","10":"tag-flores-da-cunha","11":"tag-prefeitura","12":"tag-prefeitura-de-flores-da-cunha","13":"tag-secretaria-de-agricultura","14":"tag-serra","15":"tag-serra-gaucha"},"modified_by":"Bruna Picinini","_links":{"self":[{"href":"https:\/\/radiosolaris.com.br\/beta\/wp-json\/wp\/v2\/posts\/87374","targetHints":{"allow":["GET"]}}],"collection":[{"href":"https:\/\/radiosolaris.com.br\/beta\/wp-json\/wp\/v2\/posts"}],"about":[{"href":"https:\/\/radiosolaris.com.br\/beta\/wp-json\/wp\/v2\/types\/post"}],"author":[{"embeddable":true,"href":"https:\/\/radiosolaris.com.br\/beta\/wp-json\/wp\/v2\/users\/16"}],"replies":[{"embeddable":true,"href":"https:\/\/radiosolaris.com.br\/beta\/wp-json\/wp\/v2\/comments?post=87374"}],"version-history":[{"count":0,"href":"https:\/\/radiosolaris.com.br\/beta\/wp-json\/wp\/v2\/posts\/87374\/revisions"}],"wp:featuredmedia":[{"embeddable":true,"href":"https:\/\/radiosolaris.com.br\/beta\/wp-json\/wp\/v2\/media\/87375"}],"wp:attachment":[{"href":"https:\/\/radiosolaris.com.br\/beta\/wp-json\/wp\/v2\/media?parent=87374"}],"wp:term":[{"taxonomy":"category","embeddable":true,"href":"https:\/\/radiosolaris.com.br\/beta\/wp-json\/wp\/v2\/categories?post=87374"},{"taxonomy":"post_tag","embeddable":true,"href":"https:\/\/radiosolaris.com.br\/beta\/wp-json\/wp\/v2\/tags?post=87374"},{"taxonomy":"powerkit_post_featured","embeddable":true,"href":"https:\/\/radiosolaris.com.br\/beta\/wp-json\/wp\/v2\/powerkit_post_featured?post=87374"}],"curies":[{"name":"wp","href":"https:\/\/api.w.org\/{rel}","templated":true}]}}