{"id":87339,"date":"2022-09-05T07:58:32","date_gmt":"2022-09-05T10:58:32","guid":{"rendered":"https:\/\/radiosolaris.com.br\/beta\/?p=87339"},"modified":"2022-09-05T07:58:37","modified_gmt":"2022-09-05T10:58:37","slug":"tudo-facil-inaugura-unidade-em-caxias","status":"publish","type":"post","link":"https:\/\/radiosolaris.com.br\/beta\/tudo-facil-inaugura-unidade-em-caxias\/","title":{"rendered":"Tudo F\u00e1cil inaugura unidade em Caxias"},"content":{"rendered":"\n<h4 id=\"o-tudo-facil-de-caxias-do-sul-podera-atender-a-demandas-de-mais-de-50-municipios-da-regiao-nordeste-do-estado\" class=\"wp-block-heading\">O Tudo F\u00e1cil de Caxias do Sul poder\u00e1 atender a demandas de mais de 50 munic\u00edpios da regi\u00e3o Nordeste do Estado<\/h4>\n\n\n\n<p>A unidade Tudo F\u00e1cil Caxias do Sul foi inaugurada nesta sexta-feira (02) num espa\u00e7o de 650 metros quadrados no Shopping Bourbon San Pelegrino. \u00c9 a terceira do interior do Estado. O Tudo F\u00e1cil \u00e9 uma estrutura com o foco de reunir, integrar e disponibilizar os servi\u00e7os p\u00fablicos de diferentes unidades do Estado em um \u00fanico local, facilitando o acesso do cidad\u00e3o.<\/p>\n\n\n\n<p>O prefeito Adil\u00f3 Didomenico agradeceu a aproxima\u00e7\u00e3o e a abertura de servi\u00e7os, que ter\u00e3o hor\u00e1rio ampliado de atendimento. Ele ressaltou ainda que o Tudo F\u00e1cil vai sanar um problema antigo da cidade.<br>\u201cN\u00f3s como executivo e tamb\u00e9m os vereadores, h\u00e1 muito tempo recebemos a demanda dos servidores estaduais por n\u00e3o ter um posto de atendimento do IPE. Aqui isso est\u00e1 solucionado\u201d, comemorou.<\/p>\n\n\n\n<p>O Tudo F\u00e1cil de Caxias do Sul poder\u00e1 atender a demandas de mais de 50 munic\u00edpios da regi\u00e3o Nordeste do Estado, incluindo Bento Gon\u00e7alves, Flores da Cunha, Garibaldi, Guapor\u00e9, S\u00e3o Francisco de Paula, Vacaria, entre outros. A perspectiva \u00e9 que a unidade possa prestar em torno de 180 mil servi\u00e7os por ano, o que corresponde a cerca de 15% da popula\u00e7\u00e3o da regi\u00e3o.<\/p>\n\n\n\n<p>O secret\u00e1rio de Planejamento, Governan\u00e7a e Gest\u00e3o, Claudio Gastal, salientou o preparo da equipe que atua nas unidades.<\/p>\n\n\n\n<p>\u201cTodos os gerentes e gerentes adjuntos do Tudo F\u00e1cil s\u00e3o servidores de carreira que participaram de um processo chamado Qualifica RS, para an\u00e1lise de curr\u00edculo e entrevista, an\u00e1lise de desempenho e compet\u00eancias, para executar este tipo de servi\u00e7o\u201d, ressaltou.<\/p>\n\n\n\n<p>Ser\u00e3o oferecidos mais de 60 servi\u00e7os presenciais e mais de 500 servi\u00e7os digitais pelo Site rs.gov.br nos terminais de autoatendimento. Entre os servi\u00e7os que ser\u00e3o disponibilizados no espa\u00e7o, est\u00e3o a emiss\u00e3o da carteira de identidade, servi\u00e7os do Detran RS, FGTAS\/SINE, IPE, RGE, entre outros.<\/p>\n\n\n\n<p><br><strong>O Procon de Caxias tamb\u00e9m tem um totem de atendimento no local.<\/strong><\/p>\n\n\n\n<p><br>O Tudo F\u00e1cil Caxias passa a funcionar dia 5 de setembro. O atendimento ao p\u00fablico ser\u00e1 de segunda a sexta das 10h \u00e0s 20h e aos s\u00e1bados das 10h \u00e0s 14h.<\/p>\n\n\n\n<p><\/p>\n\n\n\n<figure class=\"wp-block-image size-large\"><img  decoding=\"async\"  src=\"data:image\/png;base64,iVBORw0KGgoAAAANSUhEUgAABIgAAAMGAQMAAACj\/y2mAAAAA1BMVEUAAP+KeNJXAAAAAXRSTlMAQObYZgAAAAlwSFlzAAAOxAAADsQBlSsOGwAAAINJREFUeNrtwQEBAAAAgiD\/r25IQAEAAAAAAAAAAAAAAAAAAAAAAAAAAAAAAAAAAAAAAAAAAAAAAAAAAAAAAAAAAAAAAAAAAAAAAAAAAAAAAAAAAAAAAAAAAAAAAAAAAAAAAAAAAAAAAAAAAAAAAAAAAAAAAAAAAAAAAAAAAAAAAADwbrl7AAHvW\/FXAAAAAElFTkSuQmCC\"  alt=\"\"  class=\"wp-image-87340 pk-lazyload\"  data-pk-sizes=\"auto\"  data-pk-src=\"https:\/\/radiosolaris.com.br\/beta\/wp-content\/uploads\/2022\/09\/IMG_6628-min-1024x683.jpg\" ><figcaption>Foto: Rodrigo Rossi<\/figcaption><\/figure>\n\n\n\n<p><\/p>\n","protected":false},"excerpt":{"rendered":"<p>O Tudo F\u00e1cil de Caxias do Sul poder\u00e1 atender a demandas de mais de 50 munic\u00edpios da regi\u00e3o Nordeste do Estado A unidade Tudo F\u00e1cil Caxias do Sul foi inaugurada&hellip;<\/p>\n","protected":false},"author":19,"featured_media":87340,"comment_status":"closed","ping_status":"closed","sticky":false,"template":"","format":"standard","meta":{"_lmt_disableupdate":"","_lmt_disable":"","footnotes":""},"categories":[83],"tags":[148,13665,135,283,13664],"powerkit_post_featured":[],"class_list":{"0":"post-87339","1":"post","2":"type-post","3":"status-publish","4":"format-standard","5":"has-post-thumbnail","7":"category-serra-gaucha","8":"tag-caxias-do-sul","9":"tag-regiao-nordeste","10":"tag-rio-grande-do-sul","11":"tag-serra-gaucha","12":"tag-tudo-facil"},"modified_by":"Luciano Pettorini","_links":{"self":[{"href":"https:\/\/radiosolaris.com.br\/beta\/wp-json\/wp\/v2\/posts\/87339","targetHints":{"allow":["GET"]}}],"collection":[{"href":"https:\/\/radiosolaris.com.br\/beta\/wp-json\/wp\/v2\/posts"}],"about":[{"href":"https:\/\/radiosolaris.com.br\/beta\/wp-json\/wp\/v2\/types\/post"}],"author":[{"embeddable":true,"href":"https:\/\/radiosolaris.com.br\/beta\/wp-json\/wp\/v2\/users\/19"}],"replies":[{"embeddable":true,"href":"https:\/\/radiosolaris.com.br\/beta\/wp-json\/wp\/v2\/comments?post=87339"}],"version-history":[{"count":0,"href":"https:\/\/radiosolaris.com.br\/beta\/wp-json\/wp\/v2\/posts\/87339\/revisions"}],"wp:featuredmedia":[{"embeddable":true,"href":"https:\/\/radiosolaris.com.br\/beta\/wp-json\/wp\/v2\/media\/87340"}],"wp:attachment":[{"href":"https:\/\/radiosolaris.com.br\/beta\/wp-json\/wp\/v2\/media?parent=87339"}],"wp:term":[{"taxonomy":"category","embeddable":true,"href":"https:\/\/radiosolaris.com.br\/beta\/wp-json\/wp\/v2\/categories?post=87339"},{"taxonomy":"post_tag","embeddable":true,"href":"https:\/\/radiosolaris.com.br\/beta\/wp-json\/wp\/v2\/tags?post=87339"},{"taxonomy":"powerkit_post_featured","embeddable":true,"href":"https:\/\/radiosolaris.com.br\/beta\/wp-json\/wp\/v2\/powerkit_post_featured?post=87339"}],"curies":[{"name":"wp","href":"https:\/\/api.w.org\/{rel}","templated":true}]}}