{"id":87324,"date":"2022-09-03T10:18:52","date_gmt":"2022-09-03T13:18:52","guid":{"rendered":"https:\/\/radiosolaris.com.br\/beta\/?p=87324"},"modified":"2022-09-03T10:18:55","modified_gmt":"2022-09-03T13:18:55","slug":"homem-morre-em-colisao-frontal-no-km-113-da-br-116-em-sao-marcos","status":"publish","type":"post","link":"https:\/\/radiosolaris.com.br\/beta\/homem-morre-em-colisao-frontal-no-km-113-da-br-116-em-sao-marcos\/","title":{"rendered":"Homem morre em colis\u00e3o frontal no km 113 da BR-116, em S\u00e3o Marcos"},"content":{"rendered":"\n<h4 id=\"vitima-foi-identificada-como-geronimo-scopel-de-41-anos\" class=\"wp-block-heading\">V\u00edtima foi identificada como Ger\u00f4nimo Scopel, de 41 anos<\/h4>\n\n\n\n<p>Um homem de 41 anos, identificado como Ger\u00f4nimo Scopel, morreu na noite desta sexta-feira (2), ap\u00f3s se envolver em um acidente de tr\u00e2nsito no km 113 da BR-116, em S\u00e3o Marcos. O fato foi registrado por volta das 21h30min.<\/p>\n\n\n\n<p>De acordo com a Pol\u00edcia Rodovi\u00e1ria Federal (PRF), a colis\u00e3o frontal envolveu dois ve\u00edculos, o Volkswagen Up tripulado por Scopel e um Chevrolet Cruze, que era conduzido por um homem de 41 anos, que estava embriagado. &nbsp;<\/p>\n\n\n\n<p>Ainda segundo a corpora\u00e7\u00e3o, Ger\u00f4nimo chegou a ser socorrido pelo Corpo de Bombeiros e encaminhado aos Hospital de S\u00e3o Marcos, mas acabou falecendo. A esposa dele, que estava na carona do ve\u00edculo, foi socorrida e est\u00e1 internada na UTI do Hospital Beneficente Jo\u00e3o Bosco.<\/p>\n\n\n\n<p>O motorista do Cruze n\u00e3o teve ferimentos, mas apresentava sinais de embriaguez. A PRF lavrou o termo de constata\u00e7\u00e3o da embriaguez e apresentou a ocorr\u00eancia na Delegacia de Pol\u00edcia Civil, em Caxias do Sul.<\/p>\n","protected":false},"excerpt":{"rendered":"<p>V\u00edtima foi identificada como Ger\u00f4nimo Scopel, de 41 anos Um homem de 41 anos, identificado como Ger\u00f4nimo Scopel, morreu na noite desta sexta-feira (2), ap\u00f3s se envolver em um acidente&hellip;<\/p>\n","protected":false},"author":13,"featured_media":64646,"comment_status":"closed","ping_status":"closed","sticky":false,"template":"","format":"standard","meta":{"_lmt_disableupdate":"","_lmt_disable":"","footnotes":""},"categories":[83],"tags":[3532,1015,3701,13655,13654,13656,624,992,283,351],"powerkit_post_featured":[],"class_list":{"0":"post-87324","1":"post","2":"type-post","3":"status-publish","4":"format-standard","5":"has-post-thumbnail","7":"category-serra-gaucha","8":"tag-acidente-com-morte","9":"tag-br-116","10":"tag-colisao-frontal","11":"tag-geronimo-scopel","12":"tag-km-113-da-br-116","13":"tag-motorista-embriagado","14":"tag-sao-marcos","15":"tag-serra","16":"tag-serra-gaucha","17":"tag-transito"},"modified_by":"Filipe Brogliatto","_links":{"self":[{"href":"https:\/\/radiosolaris.com.br\/beta\/wp-json\/wp\/v2\/posts\/87324","targetHints":{"allow":["GET"]}}],"collection":[{"href":"https:\/\/radiosolaris.com.br\/beta\/wp-json\/wp\/v2\/posts"}],"about":[{"href":"https:\/\/radiosolaris.com.br\/beta\/wp-json\/wp\/v2\/types\/post"}],"author":[{"embeddable":true,"href":"https:\/\/radiosolaris.com.br\/beta\/wp-json\/wp\/v2\/users\/13"}],"replies":[{"embeddable":true,"href":"https:\/\/radiosolaris.com.br\/beta\/wp-json\/wp\/v2\/comments?post=87324"}],"version-history":[{"count":0,"href":"https:\/\/radiosolaris.com.br\/beta\/wp-json\/wp\/v2\/posts\/87324\/revisions"}],"wp:featuredmedia":[{"embeddable":true,"href":"https:\/\/radiosolaris.com.br\/beta\/wp-json\/wp\/v2\/media\/64646"}],"wp:attachment":[{"href":"https:\/\/radiosolaris.com.br\/beta\/wp-json\/wp\/v2\/media?parent=87324"}],"wp:term":[{"taxonomy":"category","embeddable":true,"href":"https:\/\/radiosolaris.com.br\/beta\/wp-json\/wp\/v2\/categories?post=87324"},{"taxonomy":"post_tag","embeddable":true,"href":"https:\/\/radiosolaris.com.br\/beta\/wp-json\/wp\/v2\/tags?post=87324"},{"taxonomy":"powerkit_post_featured","embeddable":true,"href":"https:\/\/radiosolaris.com.br\/beta\/wp-json\/wp\/v2\/powerkit_post_featured?post=87324"}],"curies":[{"name":"wp","href":"https:\/\/api.w.org\/{rel}","templated":true}]}}