{"id":87224,"date":"2022-09-01T18:04:20","date_gmt":"2022-09-01T21:04:20","guid":{"rendered":"https:\/\/radiosolaris.com.br\/beta\/?p=87224"},"modified":"2022-09-01T18:04:24","modified_gmt":"2022-09-01T21:04:24","slug":"casa-verde-amarela-aumenta-prazo-de-financiamento-para-35-anos","status":"publish","type":"post","link":"https:\/\/radiosolaris.com.br\/beta\/casa-verde-amarela-aumenta-prazo-de-financiamento-para-35-anos\/","title":{"rendered":"Casa Verde Amarela aumenta prazo de financiamento para 35 anos"},"content":{"rendered":"\n<h4 id=\"o-objetivo-e-que-mais-familias-financiam-sua-casa-propria-pagando-prestacoes-mais-baixas\" class=\"wp-block-heading\">O objetivo \u00e9 que mais fam\u00edlias financiam sua casa pr\u00f3pria, pagando presta\u00e7\u00f5es mais baixas<\/h4>\n\n\n\n<p>A Caixa Econ\u00f4mica oferece, a partir desta quinta-feira (1\u00ba), um prazo mais estendido para financiamento imobili\u00e1rio do programa Casa Verde e Amarela (CVA). Agora, o pagamento pode ser feito em at\u00e9 35 anos. Antes o limite era de 30 anos.<\/p>\n\n\n\n<p>Com prazo maior ser\u00e1 poss\u00edvel, para fam\u00edlias com renda de at\u00e9 R$ 8 mil, diluir o valor das parcelas do im\u00f3vel ao longo do tempo, gerando uma redu\u00e7\u00e3o de 5,0% a 7,5 % no valor da presta\u00e7\u00e3o.<\/p>\n\n\n\n<p>Principal agente financeiro do CVA, a Caixa Econ\u00f4mica \u00e9 respons\u00e1vel por 99,99% da aplica\u00e7\u00e3o dos recursos, o or\u00e7amento do programa para 2022 \u00e9 estimado em R$ 68 bilh\u00f5es. A a\u00e7\u00e3o estimular\u00e1 o setor com a produ\u00e7\u00e3o de novos empreendimentos no segmento e aumento nas contrata\u00e7\u00f5es.<\/p>\n\n\n\n<p>O programa Casa Verde e Amarela tem o objetivo de estimular a aquisi\u00e7\u00e3o de moradia pelas popula\u00e7\u00f5es de renda mais baixa.<\/p>\n\n\n\n<p><\/p>\n\n\n\n<p>Fonte: Ag\u00eancia Brasil<\/p>\n","protected":false},"excerpt":{"rendered":"<p>O objetivo \u00e9 que mais fam\u00edlias financiam sua casa pr\u00f3pria, pagando presta\u00e7\u00f5es mais baixas A Caixa Econ\u00f4mica oferece, a partir desta quinta-feira (1\u00ba), um prazo mais estendido para financiamento imobili\u00e1rio&hellip;<\/p>\n","protected":false},"author":17,"featured_media":87225,"comment_status":"closed","ping_status":"closed","sticky":false,"template":"","format":"standard","meta":{"_lmt_disableupdate":"","_lmt_disable":"","footnotes":""},"categories":[84,83],"tags":[1368,13523,13610,148,13611,1281,283],"powerkit_post_featured":[],"class_list":{"0":"post-87224","1":"post","2":"type-post","3":"status-publish","4":"format-standard","5":"has-post-thumbnail","7":"category-brasil","8":"category-serra-gaucha","9":"tag-caixa","10":"tag-casa-verde-amarela","11":"tag-casa-verde-amarela-na-serra-gaucha","12":"tag-caxias-do-sul","13":"tag-financiamento-habitacional","14":"tag-minha-casa-minha-vida","15":"tag-serra-gaucha"},"modified_by":"Igor Panzenhagen","_links":{"self":[{"href":"https:\/\/radiosolaris.com.br\/beta\/wp-json\/wp\/v2\/posts\/87224","targetHints":{"allow":["GET"]}}],"collection":[{"href":"https:\/\/radiosolaris.com.br\/beta\/wp-json\/wp\/v2\/posts"}],"about":[{"href":"https:\/\/radiosolaris.com.br\/beta\/wp-json\/wp\/v2\/types\/post"}],"author":[{"embeddable":true,"href":"https:\/\/radiosolaris.com.br\/beta\/wp-json\/wp\/v2\/users\/17"}],"replies":[{"embeddable":true,"href":"https:\/\/radiosolaris.com.br\/beta\/wp-json\/wp\/v2\/comments?post=87224"}],"version-history":[{"count":0,"href":"https:\/\/radiosolaris.com.br\/beta\/wp-json\/wp\/v2\/posts\/87224\/revisions"}],"wp:featuredmedia":[{"embeddable":true,"href":"https:\/\/radiosolaris.com.br\/beta\/wp-json\/wp\/v2\/media\/87225"}],"wp:attachment":[{"href":"https:\/\/radiosolaris.com.br\/beta\/wp-json\/wp\/v2\/media?parent=87224"}],"wp:term":[{"taxonomy":"category","embeddable":true,"href":"https:\/\/radiosolaris.com.br\/beta\/wp-json\/wp\/v2\/categories?post=87224"},{"taxonomy":"post_tag","embeddable":true,"href":"https:\/\/radiosolaris.com.br\/beta\/wp-json\/wp\/v2\/tags?post=87224"},{"taxonomy":"powerkit_post_featured","embeddable":true,"href":"https:\/\/radiosolaris.com.br\/beta\/wp-json\/wp\/v2\/powerkit_post_featured?post=87224"}],"curies":[{"name":"wp","href":"https:\/\/api.w.org\/{rel}","templated":true}]}}