{"id":87091,"date":"2022-08-31T10:28:01","date_gmt":"2022-08-31T13:28:01","guid":{"rendered":"https:\/\/radiosolaris.com.br\/beta\/?p=87091"},"modified":"2022-08-31T10:28:01","modified_gmt":"2022-08-31T13:28:01","slug":"vacinacao-em-flores-da-cunha-contra-a-poliomielite-tem-horario-ampliado","status":"publish","type":"post","link":"https:\/\/radiosolaris.com.br\/beta\/vacinacao-em-flores-da-cunha-contra-a-poliomielite-tem-horario-ampliado\/","title":{"rendered":"Vacina\u00e7\u00e3o em Flores da Cunha contra a poliomielite tem hor\u00e1rio ampliado"},"content":{"rendered":"\n<h4 id=\"o-atendimento-ocorre-no-centro-de-saude-irma-benedita-zorzi-nesta-e-na-proxima-semana\" class=\"wp-block-heading\">O atendimento ocorre no Centro de Sa\u00fade Irm\u00e3 Benedita Zorzi nesta e na pr\u00f3xima semana<\/h4>\n\n\n\n<p>A vacina\u00e7\u00e3o contra a poliomielite em Flores da Cunha ter\u00e1 hor\u00e1rio ampliado at\u00e9 \u00e0s 18h30min na quinta-feira (1\u00ba) e sexta-feira (2) desta semana e quinta-feira (8) e sexta-feira (9) da semana que vem. O atendimento ocorre no Centro de Sa\u00fade Irm\u00e3 Benedita Zorzi. A vacina \u00e9 destinada para crian\u00e7as de 1 ano a menores de 5 anos.<\/p>\n\n\n\n<p>A poliomielite, tamb\u00e9m chamada de paralisia infantil, \u00e9 uma doen\u00e7a infectocontagiosa aguda causada pelo poliov\u00edrus. A doen\u00e7a n\u00e3o tem tratamento espec\u00edfico e a principal ferramenta para se prevenir \u00e9 a vacina\u00e7\u00e3o. Mesmo sem registros de casos no Brasil, o v\u00edrus continua presente em outros pa\u00edses.<\/p>\n","protected":false},"excerpt":{"rendered":"<p>O atendimento ocorre no Centro de Sa\u00fade Irm\u00e3 Benedita Zorzi nesta e na pr\u00f3xima semana A vacina\u00e7\u00e3o contra a poliomielite em Flores da Cunha ter\u00e1 hor\u00e1rio ampliado at\u00e9 \u00e0s 18h30min&hellip;<\/p>\n","protected":false},"author":16,"featured_media":40873,"comment_status":"closed","ping_status":"closed","sticky":false,"template":"","format":"standard","meta":{"_lmt_disableupdate":"","_lmt_disable":"","footnotes":""},"categories":[83],"tags":[13577,13578,6306,114,5279,5186,992,283,13575,161,13576],"powerkit_post_featured":[],"class_list":{"0":"post-87091","1":"post","2":"type-post","3":"status-publish","4":"format-standard","5":"has-post-thumbnail","7":"category-serra-gaucha","8":"tag-centro-de-saude-2","9":"tag-centro-de-saude-em-flores-da-cunha","10":"tag-centro-de-saude-irma-benedita-zorzi","11":"tag-flores-da-cunha","12":"tag-polio-2","13":"tag-poliomielite","14":"tag-serra","15":"tag-serra-gaucha","16":"tag-vacina-poliomielite","17":"tag-vacinacao","18":"tag-vacinacao-poliomielite"},"modified_by":null,"_links":{"self":[{"href":"https:\/\/radiosolaris.com.br\/beta\/wp-json\/wp\/v2\/posts\/87091","targetHints":{"allow":["GET"]}}],"collection":[{"href":"https:\/\/radiosolaris.com.br\/beta\/wp-json\/wp\/v2\/posts"}],"about":[{"href":"https:\/\/radiosolaris.com.br\/beta\/wp-json\/wp\/v2\/types\/post"}],"author":[{"embeddable":true,"href":"https:\/\/radiosolaris.com.br\/beta\/wp-json\/wp\/v2\/users\/16"}],"replies":[{"embeddable":true,"href":"https:\/\/radiosolaris.com.br\/beta\/wp-json\/wp\/v2\/comments?post=87091"}],"version-history":[{"count":0,"href":"https:\/\/radiosolaris.com.br\/beta\/wp-json\/wp\/v2\/posts\/87091\/revisions"}],"wp:featuredmedia":[{"embeddable":true,"href":"https:\/\/radiosolaris.com.br\/beta\/wp-json\/wp\/v2\/media\/40873"}],"wp:attachment":[{"href":"https:\/\/radiosolaris.com.br\/beta\/wp-json\/wp\/v2\/media?parent=87091"}],"wp:term":[{"taxonomy":"category","embeddable":true,"href":"https:\/\/radiosolaris.com.br\/beta\/wp-json\/wp\/v2\/categories?post=87091"},{"taxonomy":"post_tag","embeddable":true,"href":"https:\/\/radiosolaris.com.br\/beta\/wp-json\/wp\/v2\/tags?post=87091"},{"taxonomy":"powerkit_post_featured","embeddable":true,"href":"https:\/\/radiosolaris.com.br\/beta\/wp-json\/wp\/v2\/powerkit_post_featured?post=87091"}],"curies":[{"name":"wp","href":"https:\/\/api.w.org\/{rel}","templated":true}]}}