{"id":87050,"date":"2022-08-31T07:50:50","date_gmt":"2022-08-31T10:50:50","guid":{"rendered":"https:\/\/radiosolaris.com.br\/beta\/?p=87050"},"modified":"2022-08-31T07:50:55","modified_gmt":"2022-08-31T10:50:55","slug":"ferias-alteram-atendimento-medico-no-interior-de-campestre-da-serra","status":"publish","type":"post","link":"https:\/\/radiosolaris.com.br\/beta\/ferias-alteram-atendimento-medico-no-interior-de-campestre-da-serra\/","title":{"rendered":"<strong>F\u00e9rias alteram atendimento m\u00e9dico no interior de Campestre da Serra<\/strong>"},"content":{"rendered":"\n<h4 id=\"medica-que-atua-o-esf-esta-de-ferias-ate-o-dia-12-de-setembro\" class=\"wp-block-heading\">M\u00e9dica que atua o ESF est\u00e1 de f\u00e9rias at\u00e9 o dia 12 de setembro<\/h4>\n\n\n\n<p>O munic\u00edpio de Campestre da Serra comunica que o atendimento m\u00e9dico das Unidades B\u00e1sicas de Sa\u00fade (UBS), S\u00e3o Bernardo e S\u00e3o Manoel ter\u00e1 atendimento somente nas ter\u00e7as-feiras, at\u00e9 o dia 12 de setembro. No per\u00edodo estar\u00e1 de f\u00e9rias a m\u00e9dica que atende na Estrat\u00e9gia de Sa\u00fade da Fam\u00edlia (ESF), T\u00e1ssia Dalmolin.<\/p>\n\n\n\n<p>J\u00e1 os atendimentos nos programas de Sa\u00fade da Mulher e na Sa\u00fade do Trabalhador seguem normal, mediante agendamento.<\/p>\n\n\n\n<p><\/p>\n","protected":false},"excerpt":{"rendered":"<p>M\u00e9dica que atua o ESF est\u00e1 de f\u00e9rias at\u00e9 o dia 12 de setembro O munic\u00edpio de Campestre da Serra comunica que o atendimento m\u00e9dico das Unidades B\u00e1sicas de Sa\u00fade&hellip;<\/p>\n","protected":false},"author":20,"featured_media":87051,"comment_status":"closed","ping_status":"closed","sticky":false,"template":"","format":"standard","meta":{"_lmt_disableupdate":"","_lmt_disable":"","footnotes":""},"categories":[1855],"tags":[1369,386,3242],"powerkit_post_featured":[],"class_list":{"0":"post-87050","1":"post","2":"type-post","3":"status-publish","4":"format-standard","5":"has-post-thumbnail","7":"category-saude","8":"tag-atendimento","9":"tag-campestre-da-serra","10":"tag-medico-2"},"modified_by":"Gustavo Zanotto","_links":{"self":[{"href":"https:\/\/radiosolaris.com.br\/beta\/wp-json\/wp\/v2\/posts\/87050","targetHints":{"allow":["GET"]}}],"collection":[{"href":"https:\/\/radiosolaris.com.br\/beta\/wp-json\/wp\/v2\/posts"}],"about":[{"href":"https:\/\/radiosolaris.com.br\/beta\/wp-json\/wp\/v2\/types\/post"}],"author":[{"embeddable":true,"href":"https:\/\/radiosolaris.com.br\/beta\/wp-json\/wp\/v2\/users\/20"}],"replies":[{"embeddable":true,"href":"https:\/\/radiosolaris.com.br\/beta\/wp-json\/wp\/v2\/comments?post=87050"}],"version-history":[{"count":0,"href":"https:\/\/radiosolaris.com.br\/beta\/wp-json\/wp\/v2\/posts\/87050\/revisions"}],"wp:featuredmedia":[{"embeddable":true,"href":"https:\/\/radiosolaris.com.br\/beta\/wp-json\/wp\/v2\/media\/87051"}],"wp:attachment":[{"href":"https:\/\/radiosolaris.com.br\/beta\/wp-json\/wp\/v2\/media?parent=87050"}],"wp:term":[{"taxonomy":"category","embeddable":true,"href":"https:\/\/radiosolaris.com.br\/beta\/wp-json\/wp\/v2\/categories?post=87050"},{"taxonomy":"post_tag","embeddable":true,"href":"https:\/\/radiosolaris.com.br\/beta\/wp-json\/wp\/v2\/tags?post=87050"},{"taxonomy":"powerkit_post_featured","embeddable":true,"href":"https:\/\/radiosolaris.com.br\/beta\/wp-json\/wp\/v2\/powerkit_post_featured?post=87050"}],"curies":[{"name":"wp","href":"https:\/\/api.w.org\/{rel}","templated":true}]}}