{"id":87033,"date":"2022-08-30T18:39:12","date_gmt":"2022-08-30T21:39:12","guid":{"rendered":"https:\/\/radiosolaris.com.br\/beta\/?p=87033"},"modified":"2022-08-30T18:39:18","modified_gmt":"2022-08-30T21:39:18","slug":"jovem-e-preso-por-trafico-no-bairro-charqueadas-em-caxias-do-sul","status":"publish","type":"post","link":"https:\/\/radiosolaris.com.br\/beta\/jovem-e-preso-por-trafico-no-bairro-charqueadas-em-caxias-do-sul\/","title":{"rendered":"Jovem \u00e9 preso por tr\u00e1fico no bairro Charqueadas, em Caxias do Sul"},"content":{"rendered":"\n<h4 id=\"o-homem-de-19-anos-foi-abordado-com-drogas-pelo-batalhao-de-choque-na-rua-alecio-tomazoni\" class=\"wp-block-heading\">O homem de 19 anos foi abordado com drogas pelo Batalh\u00e3o de Choque na rua Al\u00e9cio Tomazoni<br><\/h4>\n\n\n\n<p>Um homem de 19 anos foi preso na tarde desta ter\u00e7a-feira (30) por tr\u00e1fico de drogas no bairro Charqueadas, em Caxias do Sul. O 4\u00ba Batalh\u00e3o de Choque (4\u00baBPChq) realizou a abordagem na rua Al\u00e9cio Tomazoni, e flagrou o jovem realizando a venda de entorpecentes.<\/p>\n\n\n\n<p>O preso ainda n\u00e3o possu\u00eda antecedentes criminais. Na mochila do indiv\u00edduo foram encontradas algumas gramas de maconha e coca\u00edna, al\u00e9m de cerca de R$ 320 em esp\u00e9cie e materiais utilizado para a venda das drogas.<\/p>\n\n\n\n<p>O jovem foi conduzido a Delegacia de Pol\u00edcia de Pronto Atendimento (DPPA) para confec\u00e7\u00e3o do Boletim de Ocorr\u00eancia (BO).<\/p>\n\n\n\n<figure class=\"wp-block-gallery has-nested-images columns-default is-cropped wp-block-gallery-1 is-layout-flex wp-block-gallery-is-layout-flex\">\n<figure class=\"wp-block-image size-large\"><img  decoding=\"async\"  data-id=\"87034\"  src=\"data:image\/png;base64,iVBORw0KGgoAAAANSUhEUgAABIgAAAKNAQMAAABx\/8IJAAAAA1BMVEUAAP+KeNJXAAAAAXRSTlMAQObYZgAAAAlwSFlzAAAOxAAADsQBlSsOGwAAAHNJREFUeNrtwTEBAAAAwqD1T20ND6AAAAAAAAAAAAAAAAAAAAAAAAAAAAAAAAAAAAAAAAAAAAAAAAAAAAAAAAAAAAAAAAAAAAAAAAAAAAAAAAAAAAAAAAAAAAAAAAAAAAAAAAAAAAAAAAAAAAAAAAAAAPgwdHkAAc7CT7QAAAAASUVORK5CYII=\"  alt=\"\"  class=\"wp-image-87034 pk-lazyload\"  data-pk-sizes=\"auto\"  data-pk-src=\"https:\/\/radiosolaris.com.br\/beta\/wp-content\/uploads\/2022\/08\/WhatsApp-Image-2022-08-30-at-18.28.20-1024x576.jpeg\" ><\/figure>\n<\/figure>\n\n\n\n<p>Foto: 4\u00ba BPChq<\/p>\n\n\n\n<p><\/p>\n","protected":false},"excerpt":{"rendered":"<p>O homem de 19 anos foi abordado com drogas pelo Batalh\u00e3o de Choque na rua Al\u00e9cio Tomazoni Um homem de 19 anos foi preso na tarde desta ter\u00e7a-feira (30) por&hellip;<\/p>\n","protected":false},"author":17,"featured_media":87034,"comment_status":"closed","ping_status":"closed","sticky":false,"template":"","format":"standard","meta":{"_lmt_disableupdate":"","_lmt_disable":"","footnotes":""},"categories":[83],"tags":[11020,2003,148,13551,283,943],"powerkit_post_featured":[],"class_list":{"0":"post-87033","1":"post","2":"type-post","3":"status-publish","4":"format-standard","5":"has-post-thumbnail","7":"category-serra-gaucha","8":"tag-bairro-charqueadas","9":"tag-batalhao-de-choque","10":"tag-caxias-do-sul","11":"tag-prisao-no-charqueadas","12":"tag-serra-gaucha","13":"tag-trafico-de-drogas-2"},"modified_by":"Igor Panzenhagen","_links":{"self":[{"href":"https:\/\/radiosolaris.com.br\/beta\/wp-json\/wp\/v2\/posts\/87033","targetHints":{"allow":["GET"]}}],"collection":[{"href":"https:\/\/radiosolaris.com.br\/beta\/wp-json\/wp\/v2\/posts"}],"about":[{"href":"https:\/\/radiosolaris.com.br\/beta\/wp-json\/wp\/v2\/types\/post"}],"author":[{"embeddable":true,"href":"https:\/\/radiosolaris.com.br\/beta\/wp-json\/wp\/v2\/users\/17"}],"replies":[{"embeddable":true,"href":"https:\/\/radiosolaris.com.br\/beta\/wp-json\/wp\/v2\/comments?post=87033"}],"version-history":[{"count":0,"href":"https:\/\/radiosolaris.com.br\/beta\/wp-json\/wp\/v2\/posts\/87033\/revisions"}],"wp:featuredmedia":[{"embeddable":true,"href":"https:\/\/radiosolaris.com.br\/beta\/wp-json\/wp\/v2\/media\/87034"}],"wp:attachment":[{"href":"https:\/\/radiosolaris.com.br\/beta\/wp-json\/wp\/v2\/media?parent=87033"}],"wp:term":[{"taxonomy":"category","embeddable":true,"href":"https:\/\/radiosolaris.com.br\/beta\/wp-json\/wp\/v2\/categories?post=87033"},{"taxonomy":"post_tag","embeddable":true,"href":"https:\/\/radiosolaris.com.br\/beta\/wp-json\/wp\/v2\/tags?post=87033"},{"taxonomy":"powerkit_post_featured","embeddable":true,"href":"https:\/\/radiosolaris.com.br\/beta\/wp-json\/wp\/v2\/powerkit_post_featured?post=87033"}],"curies":[{"name":"wp","href":"https:\/\/api.w.org\/{rel}","templated":true}]}}