{"id":87013,"date":"2022-08-30T16:06:05","date_gmt":"2022-08-30T19:06:05","guid":{"rendered":"https:\/\/radiosolaris.com.br\/beta\/?p=87013"},"modified":"2022-08-30T16:06:07","modified_gmt":"2022-08-30T19:06:07","slug":"homem-e-abordado-com-03-gramas-de-crack-em-antonio-prado","status":"publish","type":"post","link":"https:\/\/radiosolaris.com.br\/beta\/homem-e-abordado-com-03-gramas-de-crack-em-antonio-prado\/","title":{"rendered":"Homem \u00e9 abordado com 0,3 gramas de crack em Ant\u00f4nio Prado"},"content":{"rendered":"\n<h4 id=\"o-individuo-de-44-anos-possuia-a-quantidade-em-seu-bolso\" class=\"wp-block-heading\">O indiv\u00edduo de 44 anos possu\u00eda a quantidade em seu bolso <\/h4>\n\n\n\n<p>Durante patrulhamento na manh\u00e3 desta ter\u00e7a-feira (30), na rua Dr. Osvaldo Hampe, n\u00ba 470, Centro, \u00e0s 9h30min, a Brigada Militar de Ant\u00f4nio Prado abordou um indiv\u00edduo vindo de um local conhecido por v\u00e1rias ocorr\u00eancias de tr\u00e1fico de drogas no munic\u00edpio.<\/p>\n\n\n\n<p>Em busca pessoal, foi encontrado no bolso da cal\u00e7a do homem de 44 anos a quantidade de 0,3 gramas de subst\u00e2ncia an\u00e1loga a crack.<\/p>\n\n\n\n<p>Foi confeccionado um boletim de ocorr\u00eancias e posteriormente foi liberado.<\/p>\n\n\n\n<figure class=\"wp-block-image size-large\"><img  loading=\"lazy\"  decoding=\"async\"  width=\"576\"  height=\"1024\"  src=\"data:image\/png;base64,iVBORw0KGgoAAAANSUhEUgAAAAEAAAABAQMAAAAl21bKAAAAA1BMVEUAAP+KeNJXAAAAAXRSTlMAQObYZgAAAAlwSFlzAAAOxAAADsQBlSsOGwAAAApJREFUCNdjYAAAAAIAAeIhvDMAAAAASUVORK5CYII=\"  alt=\"\"  class=\"wp-image-87015 pk-lazyload\"  data-pk-sizes=\"auto\"  data-ls-sizes=\"auto, (max-width: 576px) 100vw, 576px\"  data-pk-src=\"https:\/\/radiosolaris.com.br\/beta\/wp-content\/uploads\/2022\/08\/2e2b7ea8-2819-4dbf-968a-cb9bc60a2353-1-576x1024.jpg\"  data-pk-srcset=\"https:\/\/radiosolaris.com.br\/beta\/wp-content\/uploads\/2022\/08\/2e2b7ea8-2819-4dbf-968a-cb9bc60a2353-1-576x1024.jpg 576w, https:\/\/radiosolaris.com.br\/beta\/wp-content\/uploads\/2022\/08\/2e2b7ea8-2819-4dbf-968a-cb9bc60a2353-1-169x300.jpg 169w, https:\/\/radiosolaris.com.br\/beta\/wp-content\/uploads\/2022\/08\/2e2b7ea8-2819-4dbf-968a-cb9bc60a2353-1-768x1366.jpg 768w, https:\/\/radiosolaris.com.br\/beta\/wp-content\/uploads\/2022\/08\/2e2b7ea8-2819-4dbf-968a-cb9bc60a2353-1.jpg 720w\" ><\/figure>\n","protected":false},"excerpt":{"rendered":"<p>O indiv\u00edduo de 44 anos possu\u00eda a quantidade em seu bolso Durante patrulhamento na manh\u00e3 desta ter\u00e7a-feira (30), na rua Dr. Osvaldo Hampe, n\u00ba 470, Centro, \u00e0s 9h30min, a Brigada&hellip;<\/p>\n","protected":false},"author":1,"featured_media":87014,"comment_status":"closed","ping_status":"closed","sticky":false,"template":"","format":"standard","meta":{"_lmt_disableupdate":"","_lmt_disable":"","footnotes":""},"categories":[1,83],"tags":[859,576,8122],"powerkit_post_featured":[],"class_list":{"0":"post-87013","1":"post","2":"type-post","3":"status-publish","4":"format-standard","5":"has-post-thumbnail","7":"category-geral","8":"category-serra-gaucha","9":"tag-apreensao","10":"tag-homem","11":"tag-posse-de-entorpecente"},"modified_by":null,"_links":{"self":[{"href":"https:\/\/radiosolaris.com.br\/beta\/wp-json\/wp\/v2\/posts\/87013","targetHints":{"allow":["GET"]}}],"collection":[{"href":"https:\/\/radiosolaris.com.br\/beta\/wp-json\/wp\/v2\/posts"}],"about":[{"href":"https:\/\/radiosolaris.com.br\/beta\/wp-json\/wp\/v2\/types\/post"}],"author":[{"embeddable":true,"href":"https:\/\/radiosolaris.com.br\/beta\/wp-json\/wp\/v2\/users\/1"}],"replies":[{"embeddable":true,"href":"https:\/\/radiosolaris.com.br\/beta\/wp-json\/wp\/v2\/comments?post=87013"}],"version-history":[{"count":0,"href":"https:\/\/radiosolaris.com.br\/beta\/wp-json\/wp\/v2\/posts\/87013\/revisions"}],"wp:featuredmedia":[{"embeddable":true,"href":"https:\/\/radiosolaris.com.br\/beta\/wp-json\/wp\/v2\/media\/87014"}],"wp:attachment":[{"href":"https:\/\/radiosolaris.com.br\/beta\/wp-json\/wp\/v2\/media?parent=87013"}],"wp:term":[{"taxonomy":"category","embeddable":true,"href":"https:\/\/radiosolaris.com.br\/beta\/wp-json\/wp\/v2\/categories?post=87013"},{"taxonomy":"post_tag","embeddable":true,"href":"https:\/\/radiosolaris.com.br\/beta\/wp-json\/wp\/v2\/tags?post=87013"},{"taxonomy":"powerkit_post_featured","embeddable":true,"href":"https:\/\/radiosolaris.com.br\/beta\/wp-json\/wp\/v2\/powerkit_post_featured?post=87013"}],"curies":[{"name":"wp","href":"https:\/\/api.w.org\/{rel}","templated":true}]}}