{"id":86925,"date":"2022-08-29T17:17:07","date_gmt":"2022-08-29T20:17:07","guid":{"rendered":"https:\/\/radiosolaris.com.br\/beta\/?p=86925"},"modified":"2022-08-29T17:17:09","modified_gmt":"2022-08-29T20:17:09","slug":"homem-e-detido-por-ameaca-injuria-e-violencia-domestica-em-flores-da-cunha","status":"publish","type":"post","link":"https:\/\/radiosolaris.com.br\/beta\/homem-e-detido-por-ameaca-injuria-e-violencia-domestica-em-flores-da-cunha\/","title":{"rendered":"Homem \u00e9 detido por amea\u00e7a, inj\u00faria e viol\u00eancia dom\u00e9stica em Flores da Cunha"},"content":{"rendered":"\n<h4 id=\"o-fato-foi-registrado-no-domingo-28-no-bairro-parque-dos-pinheiros\" class=\"wp-block-heading\">O fato foi registrado no domingo (28), no bairro Parque dos Pinheiros<\/h4>\n\n\n\n<p>Um homem de 41 anos foi detido por amea\u00e7a, inj\u00faria e viol\u00eancia dom\u00e9stica em Flores da Cunha. O fato foi registrado pela Brigada Militar (BM), por volta das 13h deste domingo (28), no bairro Parque dos Pinheiros.<\/p>\n\n\n\n<p>Segundo relato da v\u00edtima, mulher de 32 anos, \u00e0 guarni\u00e7\u00e3o, ela havia sido amea\u00e7ada e injuriada pelo seu companheiro. Diante dos fatos, o autor das agress\u00f5es e a v\u00edtima foram encaminhados \u00e0 Delegacia de Pol\u00edcia da cidade para lavratura do registro policial.<\/p>\n","protected":false},"excerpt":{"rendered":"<p>O fato foi registrado no domingo (28), no bairro Parque dos Pinheiros Um homem de 41 anos foi detido por amea\u00e7a, inj\u00faria e viol\u00eancia dom\u00e9stica em Flores da Cunha. O&hellip;<\/p>\n","protected":false},"author":16,"featured_media":84826,"comment_status":"closed","ping_status":"closed","sticky":false,"template":"","format":"standard","meta":{"_lmt_disableupdate":"","_lmt_disable":"","footnotes":""},"categories":[83],"tags":[1403,416,247,158,114,13521,968,992,283,3302,2167,2371,10408],"powerkit_post_featured":[],"class_list":{"0":"post-86925","1":"post","2":"type-post","3":"status-publish","4":"format-standard","5":"has-post-thumbnail","7":"category-serra-gaucha","8":"tag-ameaca","9":"tag-bm","10":"tag-brigada-militar","11":"tag-crime","12":"tag-flores-da-cunha","13":"tag-injuria","14":"tag-maria-da-penha","15":"tag-serra","16":"tag-serra-gaucha","17":"tag-violencia-2","18":"tag-violencia-contra-a-mulher","19":"tag-violencia-domestica-2","20":"tag-violencia-domestica-em-flores-da-cunha"},"modified_by":"Bruna Picinini","_links":{"self":[{"href":"https:\/\/radiosolaris.com.br\/beta\/wp-json\/wp\/v2\/posts\/86925","targetHints":{"allow":["GET"]}}],"collection":[{"href":"https:\/\/radiosolaris.com.br\/beta\/wp-json\/wp\/v2\/posts"}],"about":[{"href":"https:\/\/radiosolaris.com.br\/beta\/wp-json\/wp\/v2\/types\/post"}],"author":[{"embeddable":true,"href":"https:\/\/radiosolaris.com.br\/beta\/wp-json\/wp\/v2\/users\/16"}],"replies":[{"embeddable":true,"href":"https:\/\/radiosolaris.com.br\/beta\/wp-json\/wp\/v2\/comments?post=86925"}],"version-history":[{"count":0,"href":"https:\/\/radiosolaris.com.br\/beta\/wp-json\/wp\/v2\/posts\/86925\/revisions"}],"wp:featuredmedia":[{"embeddable":true,"href":"https:\/\/radiosolaris.com.br\/beta\/wp-json\/wp\/v2\/media\/84826"}],"wp:attachment":[{"href":"https:\/\/radiosolaris.com.br\/beta\/wp-json\/wp\/v2\/media?parent=86925"}],"wp:term":[{"taxonomy":"category","embeddable":true,"href":"https:\/\/radiosolaris.com.br\/beta\/wp-json\/wp\/v2\/categories?post=86925"},{"taxonomy":"post_tag","embeddable":true,"href":"https:\/\/radiosolaris.com.br\/beta\/wp-json\/wp\/v2\/tags?post=86925"},{"taxonomy":"powerkit_post_featured","embeddable":true,"href":"https:\/\/radiosolaris.com.br\/beta\/wp-json\/wp\/v2\/powerkit_post_featured?post=86925"}],"curies":[{"name":"wp","href":"https:\/\/api.w.org\/{rel}","templated":true}]}}